{"id":33282,"date":"2026-04-29T14:57:18","date_gmt":"2026-04-29T14:57:18","guid":{"rendered":"https:\/\/rdo-olr.org\/?p=33282"},"modified":"2026-04-29T14:57:18","modified_gmt":"2026-04-29T14:57:18","slug":"visions-of-a-truly-bilingual-manitoba","status":"publish","type":"post","link":"https:\/\/rdo-olr.org\/fr\/visions-of-a-truly-bilingual-manitoba\/","title":{"rendered":"Visions of a Truly Bilingual Manitoba"},"content":{"rendered":"<h4 style=\"font-weight: 400;\"><strong><em>By Xavier Champagne*<\/em><\/strong><\/h4>\n<h4><strong>I. INTRODUCTION<\/strong><\/h4>\n<p style=\"font-weight: 400;\">Over 150 years later, Louis Riel\u2019s 1870 vision of a truly bilingual Manitoba may have been revived. On October 19, 2023, in a mandate letter to Glen Simard, the Minister responsible for Francophone Affairs, Premier Kinew tasked the minister to \u201c[r]ecognize the founding role of the Francophone community in our province, protect their rights and improve access to French language education, health care and services so that we are <em>truly a bilingual province<\/em>\u201d.<a href=\"applewebdata:\/\/1D25F628-C2B1-40AE-B9FE-03AF2F88583B#_edn1\" name=\"_ednref1\"><sup>[i]<\/sup><\/a><\/p>\n<p style=\"font-weight: 400;\">On June 9, 2025, the Manitoba government announced the launch of public consultations aimed at creating a truly bilingual province. According to Minister Simard, \u201cthese public consultations are the beginning of a process that will lead to Manitoba becoming a bilingual province\u201d.<a href=\"applewebdata:\/\/1D25F628-C2B1-40AE-B9FE-03AF2F88583B#_edn2\" name=\"_ednref2\">[ii]<\/a> \u00a0Community engagement is encouraged through surveys, submissions of discussion papers, round tables, and targeted consultations. The vision: \u201c[t]hat all Manitobans can live and receive services in the official language of their choice, and that conditions exist for the Francophone community to evolve and flourish.\u201d<a href=\"applewebdata:\/\/1D25F628-C2B1-40AE-B9FE-03AF2F88583B#_edn3\" name=\"_ednref3\">[iii]<\/a><\/p>\n<p style=\"font-weight: 400;\">This prompts the question: how does Manitoba become a truly bilingual province? This piece will first highlight the founding role of the Francophone community in Manitoba; second, offer a brief history of legislative linguistic protections; third, outline the constitutional procedure required to join New Brunswick\u2019s ranks; and finally, propose an alternative legislative approach that could achieve this goal without the hurdles of a constitutional amendment.<\/p>\n<h4><strong>II. THE FOUNDING ROLE<\/strong><\/h4>\n<p style=\"font-weight: 400;\">In the late 17<sup>th<\/sup> century, European explorers traversed what is now Manitoba, claiming the territory for England and granting the Hudson\u2019s Bay Company control over Rupert\u2019s Land. The Indigenous population continued to occupy the region, and during this period, the M\u00e9tis emerged from \u201cearly unions between European adventurers and traders, and Aboriginal women\u201d.<a href=\"applewebdata:\/\/1D25F628-C2B1-40AE-B9FE-03AF2F88583B#_edn4\" name=\"_ednref4\">[iv]<\/a><\/p>\n<p style=\"font-weight: 400;\">A large settlement developed at the forks of the Red and Assiniboine Rivers, under Hudson\u2019s Bay Company governance. By 1870, the Red River Settlement had 12,228 inhabitants, with the M\u00e9tis forming the dominant group.<a href=\"applewebdata:\/\/1D25F628-C2B1-40AE-B9FE-03AF2F88583B#_edn5\" name=\"_ednref5\">[v]<\/a> They comprised over 80% of the population\u20145,720 French and 4,080 English<a href=\"applewebdata:\/\/1D25F628-C2B1-40AE-B9FE-03AF2F88583B#_edn6\" name=\"_ednref6\">[vi]<\/a>\u2014and held many important leadership positions.<a href=\"applewebdata:\/\/1D25F628-C2B1-40AE-B9FE-03AF2F88583B#_edn7\" name=\"_ednref7\"><sup>[vii]<\/sup><\/a><\/p>\n<p style=\"font-weight: 400;\">Out east, the <em>British North America Act<\/em> of 1867 (now the <em>Constitution Act, 1867<\/em>),<a href=\"applewebdata:\/\/1D25F628-C2B1-40AE-B9FE-03AF2F88583B#_edn8\" name=\"_ednref8\">[viii]<\/a> established Canada as a country. The newly formed Canadian government, led by Prime Minister Sir John A Macdonald, sought to expand westward, and England agreed to cede Rupert\u2019s Land, including the territory of present-day Manitoba, to Canada.<\/p>\n<p style=\"font-weight: 400;\">Anticipating an influx of English-speaking Protestant settlers, the French-speaking Roman Catholic M\u00e9tis, under the leadership of Louis Riel, were determined to preserve and protect their traditional way of life.<a href=\"applewebdata:\/\/1D25F628-C2B1-40AE-B9FE-03AF2F88583B#_edn9\" name=\"_ednref9\"><sup>[ix]<\/sup><\/a> Consequently, the provisional government of the Red River Colony drafted a List of Rights to be met before accepting Canadian authority. Negotiations with Canada, aimed at safeguarding their rights, ultimately lead to the enactment of the <em>Manitoba Act, 1870<\/em>.<a href=\"applewebdata:\/\/1D25F628-C2B1-40AE-B9FE-03AF2F88583B#_edn10\" name=\"_ednref10\"><sup>[x]<\/sup><\/a> Notably, sections 22 and 23 of the <em>Manitoba Act, 1870<\/em> mirrored sections 93 and 133 of the <em>Constitution Act, 1867<\/em>, protecting denominational schools and establishing parliamentary, legislative, and judicial bilingualism, respectively:<\/p>\n<table style=\"font-weight: 400;\">\n<tbody>\n<tr>\n<td width=\"335\"><em>Manitoba Act, 1870<\/em><\/p>\n<p>&nbsp;<\/td>\n<td width=\"335\"><em>Constitution Act, 1867<\/em><\/td>\n<\/tr>\n<tr>\n<td width=\"335\">Legislation touching schools subject to certain provisions<\/p>\n<p>&nbsp;<\/p>\n<p>22. In and for the Province, the said Legislature may exclusively make Laws in relation to Education, subject and according to the following provisions:\u2014<\/p>\n<p>&nbsp;<\/p>\n<p>(1) Nothing in any such Law shall prejudicially affect any right or privilege with respect to Denominational Schools which any class of persons have by Law or practice in the Province at the Union:\u2014<\/p>\n<p>&nbsp;<\/p>\n<p>[\u2026]<\/p>\n<p>&nbsp;<\/td>\n<td width=\"335\">Legislation respecting Education<\/p>\n<p>&nbsp;<\/p>\n<p>93 In and for each Province the Legislature may exclusively make Laws in relation to Education, subject and according to the following Provisions:<\/p>\n<p>&nbsp;<\/p>\n<p>1. Nothing in any such Law shall prejudicially affect any Right or Privilege with respect to Denominational Schools which any Class of Persons have by Law in the Province at the Union;<\/p>\n<p>&nbsp;<\/p>\n<p>[\u2026]<\/td>\n<\/tr>\n<tr>\n<td width=\"335\">English and French languages to be used<\/p>\n<p>&nbsp;<\/p>\n<p>23. Either the English or the French language may be used by any person in the debates of the Houses of the Legislature, and both those languages shall be used in the respective Records and Journals of those Houses; and either of those languages may be used by any person, or in any Pleading or Process, in or issuing from any Court of Canada established under the Constitution Act, 1867, or in or from all or any of the Courts of the Province. The Acts of the Legislature shall be printed and published in both those languages.<a href=\"applewebdata:\/\/1D25F628-C2B1-40AE-B9FE-03AF2F88583B#_edn11\" name=\"_ednref11\"><sup>[xi]<\/sup><\/a><\/td>\n<td width=\"335\">Use of English and French Languages<\/p>\n<p>&nbsp;<\/p>\n<p>133 Either the English or the French Language may be used by any Person in the Debates of the Houses of the Parliament of Canada and of the Houses of the Legislature of Quebec; and both those Languages shall be used in the respective Records and Journals of those Houses; and either of those Languages may be used by any Person or in any Pleading or Process in or issuing from any Court of Canada established under this Act, and in or from all or any of the Courts of Quebec.<\/p>\n<p>&nbsp;<\/p>\n<p>The Acts of the Parliament of Canada and of the Legislature of Quebec shall be printed and published in both those Languages.<a href=\"applewebdata:\/\/1D25F628-C2B1-40AE-B9FE-03AF2F88583B#_edn12\" name=\"_ednref12\"><sup>[xii]<\/sup><\/a><\/p>\n<p>&nbsp;<\/td>\n<\/tr>\n<\/tbody>\n<\/table>\n<h4><strong>III. LEGISLATIVE PROTECTIONS\u00a0<\/strong><\/h4>\n<p style=\"font-weight: 400;\">The linguistic protections secured by Manitoba\u2019s founding figures proved illusory, eroded by anti-Francophone legislation.<\/p>\n<h5><strong>A. Section 23<\/strong><\/h5>\n<p style=\"font-weight: 400;\">In 1890, Manitoba\u2019s legislature passed <em>An Act to Provide that the English Language shall be the Official Language of the Province of Manitoba<\/em> which,\u00a0as its name implies,\u00a0mandated:<\/p>\n<ol>\n<li style=\"font-weight: 400;\">Any statute or law to the contrary notwithstanding, the English language only shall be used in the records and journals of the House of Assembly for the Province of Manitoba, and in any pleadings or process in or issuing from any court in the Province of Manitoba. The Acts of the Legislature of the Province of Manitoba need only be printed and published in the English language.<\/li>\n<li style=\"font-weight: 400;\">This Act shall only apply so far as this Legislature has jurisdiction so to enact, and shall come into force on the day it is assented to.<a href=\"applewebdata:\/\/1D25F628-C2B1-40AE-B9FE-03AF2F88583B#_edn13\" name=\"_ednref13\"><sup>[xiii]<\/sup><\/a><\/li>\n<\/ol>\n<p style=\"font-weight: 400;\">On three separate occasions\u2014in 1892, 1909, and 1976\u2014Manitoba\u2019s government disregarded lower court rulings declaring this Act <em>ultra vires<\/em>.<a href=\"applewebdata:\/\/1D25F628-C2B1-40AE-B9FE-03AF2F88583B#_edn14\" name=\"_ednref14\"><sup>[xiv]<\/sup><\/a> The province persistently neglected its constitutional duties and engaged in egregious violations of the parliamentary, legislative, and judicial bilingual protections guaranteed by section 23 of the <em>Manitoba Act, 1870<\/em>.<a href=\"applewebdata:\/\/1D25F628-C2B1-40AE-B9FE-03AF2F88583B#_edn15\" name=\"_ednref15\"><sup>[xv]<\/sup><\/a><\/p>\n<p style=\"font-weight: 400;\">It took Franco-Manitobans 89 years\u2014and a parking ticket\u2014to regain their rights.<a href=\"applewebdata:\/\/1D25F628-C2B1-40AE-B9FE-03AF2F88583B#_edn16\" name=\"_ednref16\"><sup>[xvi]<\/sup><\/a> Yet, even following the Supreme Court of Canada\u2019s landmark decision in <em>Forest<\/em>,<a href=\"applewebdata:\/\/1D25F628-C2B1-40AE-B9FE-03AF2F88583B#_edn17\" name=\"_ednref17\"><sup>[xvii]<\/sup><\/a> Manitoba\u2019s legislature persisted in enacting, printing, and publishing the vast majority of its acts exclusively in English.<a href=\"applewebdata:\/\/1D25F628-C2B1-40AE-B9FE-03AF2F88583B#_edn18\" name=\"_ednref18\"><sup>[xviii]<\/sup><\/a> Four further proceedings to the Supreme Court of Canada were necessary to spell out the scope of Manitoba\u2019s constitutional obligations with respect to bilingual legislation.<a href=\"applewebdata:\/\/1D25F628-C2B1-40AE-B9FE-03AF2F88583B#_edn19\" name=\"_ednref19\">[xix]<\/a><\/p>\n<p style=\"font-weight: 400;\">As the Supreme Court noted in <em>Mahe v Alberta<\/em>: \u201cminority language groups cannot always rely upon the majority to take account of all of their linguistic and cultural concerns.\u201d<a href=\"applewebdata:\/\/1D25F628-C2B1-40AE-B9FE-03AF2F88583B#_edn20\" name=\"_ednref20\"><sup>[xx]<\/sup><\/a> While the Court acknowledges that such oversight \u201cis not necessarily intentional,\u201d<a href=\"applewebdata:\/\/1D25F628-C2B1-40AE-B9FE-03AF2F88583B#_edn21\" name=\"_ednref21\"><sup>[xxi]<\/sup><\/a> this instance exemplifies the majority\u2019s deliberate violations of linguistic rights and underscores the need for Francophone rights to be robustly protected.<\/p>\n<h5><strong>B. Section 22<\/strong><\/h5>\n<p style=\"font-weight: 400;\">Section 22 of the <em>Manitoba Act, 1870<\/em> stipulates that no law relating to education \u201cshall prejudicially affect any right or privilege with respect to Denominational Schools.\u201d<a href=\"applewebdata:\/\/1D25F628-C2B1-40AE-B9FE-03AF2F88583B#_edn22\" name=\"_ednref22\"><sup>[xxii]<\/sup><\/a> Although this provision, and its federal counterpart in section 93 of the <em>Constitution Act, 1867<\/em>,<a href=\"applewebdata:\/\/1D25F628-C2B1-40AE-B9FE-03AF2F88583B#_edn23\" name=\"_ednref23\"><sup>[xxiii]<\/sup><\/a> do not explicitly mention linguistic rights, they were drafted by the framers at a time when language and faith were deeply intertwined.<a href=\"applewebdata:\/\/1D25F628-C2B1-40AE-B9FE-03AF2F88583B#_edn24\" name=\"_ednref24\"><sup>[xxiv]<\/sup><\/a> As such, these provisions were undoubtedly intended to safeguard the language of instruction and thereby protect both Francophone and Anglophone schools.<a href=\"applewebdata:\/\/1D25F628-C2B1-40AE-B9FE-03AF2F88583B#_edn25\" name=\"_ednref25\"><sup>[xxv]<\/sup><\/a> However, the Judicial Committee of the Privy Council held otherwise in its 1916 decision in <em>Ottawa Separate School Trustees v MacKell<\/em>, adopting a narrow interpretation under which these sections protect only those educational rights explicitly set out in the legislation.<a href=\"applewebdata:\/\/1D25F628-C2B1-40AE-B9FE-03AF2F88583B#_edn26\" name=\"_ednref26\"><sup>[xxvi]<\/sup><\/a><\/p>\n<p style=\"font-weight: 400;\">The right to French language education was therefore most notably wrested from Francophones by the 1916 adoption of <em>The Thornton Act<\/em>, which abolished bilingual schools and mandated English as the sole language of instruction.<a href=\"applewebdata:\/\/1D25F628-C2B1-40AE-B9FE-03AF2F88583B#_edn27\" name=\"_ednref27\"><sup>[xxvii]<\/sup><\/a>For generations, Franco-Manitoban students\u2014including my grandfather\u2014were forced to partake in covert education,<a href=\"applewebdata:\/\/1D25F628-C2B1-40AE-B9FE-03AF2F88583B#_edn28\" name=\"_ednref28\"><sup>[xxviii]<\/sup><\/a> constantly vigilant to conceal French-language texts from the prying eyes of Manitoba\u2019s education ministry\u2019s language inspectors. In 1982, the enactment of section 23 of the <em>Canadian <\/em><em>Charter<\/em><em> of Rights and Freedoms<\/em> finally marked the constitutional protection of the right to minority language education, a right meant to have been protected in Manitoba over a century earlier.<a href=\"applewebdata:\/\/1D25F628-C2B1-40AE-B9FE-03AF2F88583B#_edn29\" name=\"_ednref29\"><sup>[xxix]<\/sup><\/a><\/p>\n<h4><strong>IV. CONSTITUTIONAL CODIFICATION<\/strong><\/h4>\n<p style=\"font-weight: 400;\">New Brunswick is the only constitutionally bilingual province in Canada. Sections 16 to 20 of the <em>Charter <\/em>designate French as an official language in New Brunswick and guarantee the right to receive services in French from government institutions.<a href=\"applewebdata:\/\/1D25F628-C2B1-40AE-B9FE-03AF2F88583B#_edn30\" name=\"_ednref30\"><sup>[xxx]<\/sup><\/a> Taken in its literal meaning, for Manitoba to attain a <em>true<\/em> constitutionally bilingual status, the province\u2019s legislature would need to employ the bilateral amendment procedure used by New Brunswick in 1993 when section 16.1 was added to the <em>Charter<\/em>. This procedure, outlined in subsection 43(b) of the <em>Constitution Act, 1982<\/em>, necessitates an agreement between the federal government and the concerned province.<a href=\"applewebdata:\/\/1D25F628-C2B1-40AE-B9FE-03AF2F88583B#_edn31\" name=\"_ednref31\"><sup>[xxxi]<\/sup><\/a><\/p>\n<p style=\"font-weight: 400;\">While this process is neither quick nor easy, enshrining Francophone rights into the <em>Charter<\/em> would enable Manitoba to address past wrongs, promote the development of official language communities in minority settings and secure comprehensive and equal linguistic protections for Franco-Manitobans once and for all.<a href=\"applewebdata:\/\/1D25F628-C2B1-40AE-B9FE-03AF2F88583B#_edn32\" name=\"_ednref32\"><sup>[xxxii]<\/sup><\/a><\/p>\n<h4><strong>V. AN INTERIM MEASURE ON THE PATH TO CONSTITUTIONAL BILINGUALISM<\/strong><\/h4>\n<p style=\"font-weight: 400;\">Since the introduction of the <em>Charter<\/em>, Manitoba has taken incremental steps toward true official bilingualism. In 1989, the province tabled its <em>French Language Services Policy<\/em>, aimed at promoting the prestation of French-language services by the provincial administration.<a href=\"applewebdata:\/\/1D25F628-C2B1-40AE-B9FE-03AF2F88583B#_edn33\" name=\"_ednref33\">[xxxiii]<\/a> Revised in 1999, 2008, and 2017, the policy provides, <em>inter alia<\/em>, that French-language services be provided through bilingual service centres in regions where the French-speaking population is concentrated, and that communications, websites, and documents intended for the general public are to be published in both official languages.<a href=\"applewebdata:\/\/1D25F628-C2B1-40AE-B9FE-03AF2F88583B#_edn34\" name=\"_ednref34\">[xxxiv]<\/a><\/p>\n<p style=\"font-weight: 400;\"><em>The Bilingual Service Centres<\/em> <em>Act<\/em><a href=\"applewebdata:\/\/1D25F628-C2B1-40AE-B9FE-03AF2F88583B#_edn35\" name=\"_ednref35\"><em><strong>[xxxv]<\/strong><\/em><\/a> and <em>The Francophone Community Enhancement and Support Act<\/em><a href=\"applewebdata:\/\/1D25F628-C2B1-40AE-B9FE-03AF2F88583B#_edn36\" name=\"_ednref36\">[xxxvi]<\/a> constitute the legislative codification of many key elements of the <em>French Language Services Policy<\/em>. Together, these statutes entrench the core of Manitoba\u2019s institutional framework for French-language services. Notably, they guarantee the maintenance and operation of bilingual service centres, codify an inclusive definition of the Francophone community as well as the concept of \u201cactive offer,\u201d and define the respective roles of the Minister responsible for Francophone Affairs and the Francophone Affairs Secretariat.<a href=\"applewebdata:\/\/1D25F628-C2B1-40AE-B9FE-03AF2F88583B#_edn37\" name=\"_ednref37\">[xxxvii]<\/a><\/p>\n<p style=\"font-weight: 400;\">Further, section 2(1) of <em>The Bilingual Service Centres Act<\/em> guarantees the existence of bilingual service centres in six designated regions where the Francophone community is particularly vibrant.<a href=\"applewebdata:\/\/1D25F628-C2B1-40AE-B9FE-03AF2F88583B#_edn38\" name=\"_ednref38\">[xxxviii]<\/a> However, the Manitoban government is not required to provide services in French outside these regions. Therefore, if Minister Simard is unable to achieve a <em>truly<\/em> constitutionally bilingual Manitoba, the province can still expand French-language services, a goal at the forefront of the government\u2019s mandate,<a href=\"applewebdata:\/\/1D25F628-C2B1-40AE-B9FE-03AF2F88583B#_edn39\" name=\"_ednref39\">[xxxix]<\/a> by increasing the number of designated bilingual regions.<\/p>\n<p style=\"font-weight: 400;\">Through subsection 4(1) of <em>The Bilingual Service Centres Act<\/em>, \u201c[t]he Lieutenant Governor in Council may, by regulation, amend the Schedule to add one or more regions\u201d, taking into account the following factors listed in subsection 4(2):<\/p>\n<p style=\"font-weight: 400;\">(a) whether there is significant demand within a region for communication with the government in French and English at a bilingual service centre;<\/p>\n<p style=\"font-weight: 400;\">(b) the need for the advancement or revitalization of the use of French in the region, and the institutional vitality of the Francophone community there;<\/p>\n<p style=\"font-weight: 400;\">(c) the number of individuals in the region whose first language is French or who speak primarily French at home; and<\/p>\n<p style=\"font-weight: 400;\">(d) any other factor that the Lieutenant Governor in Council considers necessary or appropriate.<a href=\"applewebdata:\/\/1D25F628-C2B1-40AE-B9FE-03AF2F88583B#_edn40\" name=\"_ednref40\"><sup>[xl]<\/sup><\/a><\/p>\n<p style=\"font-weight: 400;\">Section 4 empowers the executive branch to extend the number of bilingual regions without needing the Manitoba Legislature\u2019s approval, enabling Premier Kinew to act promptly and \u00a0circumvent potential opposition from predominantly Anglophone legislative representatives. Furthermore, <em>The Bilingual Service Centres Act<\/em> \u00a0does not grant the Lieutenant Governor in Council the power to remove a region by regulation, meaning that any attempt to remove a region would require a legislative amendment. This safeguard would prevent future Lieutenant Governors in Council from unilaterally dismantling French-language service centres. Though clearly not as robust and far-reaching as a constitutional amendment, such strategic expansions could gradually move Manitoba toward a quasi-bilingual status.<\/p>\n<h4><strong>VI. CONCLUSION<\/strong><\/h4>\n<p style=\"font-weight: 400;\">Premier Kinew\u2019s vision of a bilingual Manitoba, a mandate that echoes the aspirations set by the Father of Manitoba over 150 years ago, has opened a constitutional doorway. It is time for the province to seize this opportunity to join New Brunswick as a constitutionally bilingual province. However, such a change does not happen overnight. In the meantime, expanding the regions included in the Schedule of <em>The Bilingual Service Centres Act<\/em> provides a direct and efficient means to Manitoba\u2019s progress towards becoming <em>truly a bilingual province<\/em>.<sup> <a href=\"applewebdata:\/\/1D25F628-C2B1-40AE-B9FE-03AF2F88583B#_edn41\" name=\"_ednref41\">[xli]<\/a><\/sup><\/p>\n<p style=\"font-weight: 400;\">&#8212;-<\/p>\n<p><a href=\"applewebdata:\/\/1D25F628-C2B1-40AE-B9FE-03AF2F88583B#_ednref1\" name=\"_edn1\"><\/a>* Xavier Champagne is a student in the combined Bachelor of Commerce and Juris Doctor program at the University of Ottawa. The author wishes to thank Philippe Champagne for instilling in him a love of Franco-Manitoban culture, and Georges Prescott for his precious account of the struggle to preserve the French language in a minority setting.<\/p>\n<p>[i] Manitoba, Premier of Manitoba, <em>Mandate Letter to the Minister of Sport, Culture, Heritage and Tourism<\/em> (Winnipeg: Office of the Premier, 2023), at 1 online: &lt;gov.mb.ca\/asset_library\/en\/proactive\/20232024\/sport-culture-heritage-and-tourism-mandate-letter.pdf&gt; [emphasis added].<\/p>\n<p><a href=\"applewebdata:\/\/1D25F628-C2B1-40AE-B9FE-03AF2F88583B#_ednref2\" name=\"_edn2\">[ii]<\/a> Province of Manitoba, News Release, \u201cManitoba Government Begins Public Consultations on Creating a Truly Bilingual Province\u201d (9 June 2025), online: &lt;news.gov.mb.ca\/news\/index.html?item=69558&gt;.<\/p>\n<p><a href=\"applewebdata:\/\/1D25F628-C2B1-40AE-B9FE-03AF2F88583B#_ednref3\" name=\"_edn3\">[iii]<\/a> Manitoba, Government of Manitoba, <em>Manitoba: Truly a Bilingual Province<\/em> (Winnipeg: Government of Manitoba, 2025) at 4 online: &lt;gov.mb.ca\/asset_library\/en\/engagemb\/francophone-strategy-a-bilingual-manitoba-en.pdf&gt;.<\/p>\n<p><a href=\"applewebdata:\/\/1D25F628-C2B1-40AE-B9FE-03AF2F88583B#_ednref4\" name=\"_edn4\">[iv]<\/a> <em>Manitoba M\u00e9tis Federation Inc v Canada (AG)<\/em>, 2013 SCC 14 at para 21 [<em>Manitoba M\u00e9tis Federation<\/em>]; Guy Jourdain, \u201cLa l\u00e9gislation bilingue au Manitoba : le r\u00eave d\u2019une version fran\u00e7aise faite sur mesure pour son auditoire\u201d (2002) 47:2 Meta 244 at 246.<\/p>\n<p><a href=\"applewebdata:\/\/1D25F628-C2B1-40AE-B9FE-03AF2F88583B#_ednref5\" name=\"_edn5\">[v]<\/a> George Goulet &amp; Terry Goulet, <em>The Metis: Memorable Events and Memorable Personalities <\/em>(Calgary: FabJob Inc, 2006) at 128; Constancia Smart-Carvalho, \u201cThe Enactment of Bill 5, <em>The Francophone Community Enhancement and Support Act<\/em>: A Proud Moment for Manitoba\u201d (2018) 41:1 Man LJ 479 at 481.<\/p>\n<p><a href=\"applewebdata:\/\/1D25F628-C2B1-40AE-B9FE-03AF2F88583B#_ednref6\" name=\"_edn6\">[vi]<\/a> G Goulet &amp; T Goulet,<em> supra <\/em>note v at 128. See also Donald Gun &amp; Charles Tuttle, <em>History of Manitoba: From the Earliest Settlement to 1835<\/em>(Ottawa: Mclean, Roger &amp; Co, 1880) at 467.<\/p>\n<p><a href=\"applewebdata:\/\/1D25F628-C2B1-40AE-B9FE-03AF2F88583B#_ednref7\" name=\"_edn7\">[vii]<\/a> <em>Manitoba M\u00e9tis Federation<\/em>, <em>supra<\/em> note iv at paras 22\u201323.<\/p>\n<p><a href=\"applewebdata:\/\/1D25F628-C2B1-40AE-B9FE-03AF2F88583B#_ednref8\" name=\"_edn8\">[viii]<\/a> (UK), 30 &amp; 31 Vict, c 3, art 91 reprinted in RSC 1985, Appendix II, No 5 [<em>Constitution Act, 1867<\/em>].<\/p>\n<p><a href=\"applewebdata:\/\/1D25F628-C2B1-40AE-B9FE-03AF2F88583B#_ednref9\" name=\"_edn9\">[ix]<\/a> <em>Manitoba M\u00e9tis Federation<\/em>, <em>supra<\/em> note iv at para 25; G Goulet &amp; T Goulet, <em>supra<\/em> note v at 124\u201328; Smart-Carvalho, <em>supra<\/em> note v at 481.<\/p>\n<p><a href=\"applewebdata:\/\/1D25F628-C2B1-40AE-B9FE-03AF2F88583B#_ednref10\" name=\"_edn10\">[x]<\/a> <em>Manitoba M\u00e9tis Federation<\/em>, <em>supra<\/em> note iv at paras 26\u201331; SC 1870, c 3, reprinted in RSC 1985, Appendix II, No 8 [<em>Manitoba Act<\/em>].<\/p>\n<p><a href=\"applewebdata:\/\/1D25F628-C2B1-40AE-B9FE-03AF2F88583B#_ednref11\" name=\"_edn11\">[xi]<\/a> <em>Manitoba Act<\/em>,<em> supra<\/em> note x, ss 22\u201323.<\/p>\n<p><a href=\"applewebdata:\/\/1D25F628-C2B1-40AE-B9FE-03AF2F88583B#_ednref12\" name=\"_edn12\">[xii]<\/a> <em>Constitution Act, 1867<\/em>,<em> supra<\/em> note viii, ss 93, 133.<\/p>\n<p><a href=\"applewebdata:\/\/1D25F628-C2B1-40AE-B9FE-03AF2F88583B#_ednref13\" name=\"_edn13\">[xiii]<\/a> SM 1890, c 14, ss 1\u20132. See also <em>Re Manitoba Language Rights<\/em>, 1985 CanLII 33 at para 9 (SCC) [<em>Re Manitoba 1985<\/em>].<\/p>\n<p><a href=\"applewebdata:\/\/1D25F628-C2B1-40AE-B9FE-03AF2F88583B#_ednref14\" name=\"_edn14\">[xiv]<\/a> <em>Re Manitoba 1985<\/em>, <em>supra<\/em> note xiii at paras 10\u201314.<\/p>\n<p><a href=\"applewebdata:\/\/1D25F628-C2B1-40AE-B9FE-03AF2F88583B#_ednref15\" name=\"_edn15\">[xv]<\/a> <em>Manitoba Act<\/em>,<em> supra<\/em> note x, s 23. See also Michel Doucet, \u201cLe bilinguisme l\u00e9gislatif\u201d in Michel Bastarache &amp; Michel Doucet, eds, <em>Les droits linguistiques au Canada<\/em>, 3rd ed (Cowansville, QC: \u00c9ditions Yvon Blais, 2013) 179 at 229.<\/p>\n<p><a href=\"applewebdata:\/\/1D25F628-C2B1-40AE-B9FE-03AF2F88583B#_ednref16\" name=\"_edn16\">[xvi]<\/a> <em>Manitoba (AG)<\/em> <em>v Forest<\/em>, [1979] 2 SCR 1032.<\/p>\n<p><a href=\"applewebdata:\/\/1D25F628-C2B1-40AE-B9FE-03AF2F88583B#_ednref17\" name=\"_edn17\">[xvii]<\/a> <em>Ibid<\/em>.<\/p>\n<p><a href=\"applewebdata:\/\/1D25F628-C2B1-40AE-B9FE-03AF2F88583B#_ednref18\" name=\"_edn18\">[xviii]<\/a> <em>Re Manitoba 1985<\/em>, <em>supra<\/em> note xiii at paras 14\u201316.<\/p>\n<p><a href=\"applewebdata:\/\/1D25F628-C2B1-40AE-B9FE-03AF2F88583B#_ednref19\" name=\"_edn19\">[xix]<\/a> <em>Ibid <\/em>at para 13; <em>Order: Manitoba Language Rights<\/em>, [1985] 2 SCR 347; <em>Re Manitoba Language Rights Order<\/em>, [1990] 3 SCR 1417; <em>Reference re Manitoba Language Rights<\/em>, [1992] 1 SCR 212.<\/p>\n<p><a href=\"applewebdata:\/\/1D25F628-C2B1-40AE-B9FE-03AF2F88583B#_ednref20\" name=\"_edn20\">[xx]<\/a> [1990] 1 SCR 342 at 372.<\/p>\n<p><a href=\"applewebdata:\/\/1D25F628-C2B1-40AE-B9FE-03AF2F88583B#_ednref21\" name=\"_edn21\">[xxi]<\/a> <em>Ibid<\/em>.<\/p>\n<p><a href=\"applewebdata:\/\/1D25F628-C2B1-40AE-B9FE-03AF2F88583B#_ednref22\" name=\"_edn22\">[xxii]<\/a> <em>Manitoba Act<\/em>, <em>supra<\/em> note x, s 22.<\/p>\n<p><a href=\"applewebdata:\/\/1D25F628-C2B1-40AE-B9FE-03AF2F88583B#_ednref23\" name=\"_edn23\">[xxiii]<\/a> <em>Constitution Act 1867<\/em>, <em>supra<\/em> note viii, s 93.<\/p>\n<p><a href=\"applewebdata:\/\/1D25F628-C2B1-40AE-B9FE-03AF2F88583B#_ednref24\" name=\"_edn24\">[xxiv]<\/a> Jourdain, <em>supra<\/em> note iv at 246; Smart-Carvalho, <em>supra<\/em> note v at 482\u201383; Camille Harper, \u201c270 ans de migration et d\u2019immigration francophones au Manitoba\u201d, <em>La Libert\u00e9 Magazine<\/em> 1:2 (March 2020) at 7; Michel Verrette, \u201cManitoba Schools Question\u201d (last modified 1 June 2016), online: &lt;thecanadianencyclopedia.ca\/en\/article\/manitoba-schools-question&gt;.<\/p>\n<p><a href=\"applewebdata:\/\/1D25F628-C2B1-40AE-B9FE-03AF2F88583B#_ednref25\" name=\"_edn25\">[xxv]<\/a> Jourdain, <em>supra<\/em> note iv at 246.<\/p>\n<p><a href=\"applewebdata:\/\/1D25F628-C2B1-40AE-B9FE-03AF2F88583B#_ednref26\" name=\"_edn26\">[xxvi]<\/a> 32 DLR 1 (UK JCPC) at 8\u20139. See also Mark C Power, \u201cLes droits linguistiques en mati\u00e8re d\u2019\u00e9ducation\u201d in Bastarache &amp; Doucet, <em>supra<\/em>note xv at 661\u201362.<\/p>\n<p><a href=\"applewebdata:\/\/1D25F628-C2B1-40AE-B9FE-03AF2F88583B#_ednref27\" name=\"_edn27\">[xxvii]<\/a> Verrette, <em>supra<\/em> note xxiv; Smart-Carvalho, <em>supra<\/em> note v at 484.<\/p>\n<p><a href=\"applewebdata:\/\/1D25F628-C2B1-40AE-B9FE-03AF2F88583B#_ednref28\" name=\"_edn28\">[xxviii]<\/a> Smart-Carvalho, <em>supra<\/em> note v at 484.<\/p>\n<p><a href=\"applewebdata:\/\/1D25F628-C2B1-40AE-B9FE-03AF2F88583B#_ednref29\" name=\"_edn29\">[xxix]<\/a> <em>Canadian Charter of Rights and Freedoms<\/em>, s 7, Part I of the <em>Constitution Act, 1982<\/em>, s 23, being Schedule B to the Canada Act 1982 (UK), 1982, c 11.<\/p>\n<p><a href=\"applewebdata:\/\/1D25F628-C2B1-40AE-B9FE-03AF2F88583B#_ednref30\" name=\"_edn30\">[xxx]<\/a> <em>Ibid<\/em>, ss 16\u201322.<\/p>\n<p><a href=\"applewebdata:\/\/1D25F628-C2B1-40AE-B9FE-03AF2F88583B#_ednref31\" name=\"_edn31\">[xxxi]<\/a> <em>Ibid<\/em>; <em>Constitution Act<\/em>, 1982, s 43(b), being Schedule B to the Canada Act 1982 (UK), 1982, c 11.<\/p>\n<p><a href=\"applewebdata:\/\/1D25F628-C2B1-40AE-B9FE-03AF2F88583B#_ednref32\" name=\"_edn32\">[xxxii]<\/a> For a historical review of New Brunswick\u2019s journey toward constitutional bilingualism see <em>Charlebois v Mowat<\/em>, 2001 NBCA 117 at paras 7\u201311.<\/p>\n<p><a href=\"applewebdata:\/\/1D25F628-C2B1-40AE-B9FE-03AF2F88583B#_ednref33\" name=\"_edn33\">[xxxiii]<\/a> Manitoba, Francophone Affairs Secretariat, \u201cFrench-Language Services Policy\u2014May 2017\u201d (May 2017), online: &lt;gov.mb.ca\/fls-slf\/pdf\/fls_policy_en20170908.pdf&gt;.<\/p>\n<p><a href=\"applewebdata:\/\/1D25F628-C2B1-40AE-B9FE-03AF2F88583B#_ednref34\" name=\"_edn34\">[xxxiv]<\/a> <em>Ibid<\/em> at 1\u20133. See also Jennifer Klinck et al, \u201cLe droit \u00e0 la prestation des services publics dans les langues officielles\u201d in Bastarache &amp; Doucet, <em>supra<\/em> note xv at 617; Planctus, \u201cSummary of Language \u00a0Rights in Canada and Complaint Mechanisms\u201d (last visited 16 January 2026), online (webpage): &lt;planctus.ca\/language-rights\/Manitoba&gt;.<\/p>\n<p><a href=\"applewebdata:\/\/1D25F628-C2B1-40AE-B9FE-03AF2F88583B#_ednref35\" name=\"_edn35\">[xxxv]<\/a> CCSM c B37 [<em>Services Act<\/em>]. Early revisions of the <em>French Language Services Policy<\/em>, including provisions related to bilingual service enters, were informed by the <em>Chartier Report<\/em> (see Manitoba, Francophone Affairs Secretariat, <em>Above All, Common Sense: Report and Recommendations on French Language Services Within the Government of Manitoba<\/em>, by Commissioner Honourable Judge Richard Chartier (Winnipeg: Francophone Affairs Secretariat, 1998), online: &lt;manitoba.ca\/fls-slf\/report\/pdf\/toc.html&gt;).<\/p>\n<p><a href=\"applewebdata:\/\/1D25F628-C2B1-40AE-B9FE-03AF2F88583B#_ednref36\" name=\"_edn36\">[xxxvi]<\/a> CCSM c F157.<\/p>\n<p><a href=\"applewebdata:\/\/1D25F628-C2B1-40AE-B9FE-03AF2F88583B#_ednref37\" name=\"_edn37\">[xxxvii]<\/a> Manitoba has also adopted specific legislation to protect French-language services in designated domains, including the francophone cultural and artistic centre, the university sector, and health and social services (see <em>The Centre culturel franco-manitobain Act<\/em>, CCSM c C45; <em>The Universit\u00e9 de Saint-Boniface Act<\/em>, CCSM c U50; <em>The Health System Governance and Accountability Act<\/em>, CCSM c H26.5, s 59; <em>Bilingual and Francophone Facilities and Programs Designation Regulation<\/em>, Man Reg 131\/2013, ss 2\u20133).<\/p>\n<p><a href=\"applewebdata:\/\/1D25F628-C2B1-40AE-B9FE-03AF2F88583B#_ednref38\" name=\"_edn38\">[xxxviii]<\/a> <em>Services Act<\/em>,<em> supra <\/em>note xxxv, s 2(1).<\/p>\n<p><a href=\"applewebdata:\/\/1D25F628-C2B1-40AE-B9FE-03AF2F88583B#_ednref39\" name=\"_edn39\">[xxxix]<\/a> Premier of Manitoba, <em>supra<\/em> note i at 1.<\/p>\n<p><a href=\"applewebdata:\/\/1D25F628-C2B1-40AE-B9FE-03AF2F88583B#_ednref40\" name=\"_edn40\">[xl]<\/a><em> Services Act<\/em>, <em>supra <\/em>note xxxv, s 4.<\/p>\n<p><a href=\"applewebdata:\/\/1D25F628-C2B1-40AE-B9FE-03AF2F88583B#_ednref41\" name=\"_edn41\">[xli]<\/a> <em>Ibid<\/em>, Schedule; Manitoba, <em>Mandate Letter<\/em>, <em>supra<\/em> note i.<\/p>\n","protected":false},"excerpt":{"rendered":"<div class='heateorSssClear'><\/div><div  class='heateor_sss_sharing_container heateor_sss_horizontal_sharing' data-heateor-sss-href='https:\/\/rdo-olr.org\/fr\/visions-of-a-truly-bilingual-manitoba\/'><div class='heateor_sss_sharing_title' style=\"font-weight:bold\" >Partager cet Article<\/div><div class=\"heateor_sss_sharing_ul\"><a aria-label=\"Facebook\" class=\"heateor_sss_facebook\" href=\"https:\/\/www.facebook.com\/sharer\/sharer.php?u=https%3A%2F%2Frdo-olr.org%2Ffr%2Fvisions-of-a-truly-bilingual-manitoba%2F\" title=\"Facebook\" rel=\"nofollow noopener\" target=\"_blank\" style=\"font-size:32px!important;box-shadow:none;display:inline-block;vertical-align:middle\"><span class=\"heateor_sss_svg\" style=\"background-color:#0765FE;width:25px;height:25px;border-radius:999px;display:inline-block;opacity:1;float:left;font-size:32px;box-shadow:none;display:inline-block;font-size:16px;padding:0 4px;vertical-align:middle;background-repeat:repeat;overflow:hidden;padding:0;cursor:pointer;box-sizing:content-box\"><svg style=\"display:block;border-radius:999px;\" focusable=\"false\" aria-hidden=\"true\" xmlns=\"http:\/\/www.w3.org\/2000\/svg\" width=\"100%\" height=\"100%\" viewBox=\"0 0 32 32\"><path fill=\"#000\" d=\"M28 16c0-6.627-5.373-12-12-12S4 9.373 4 16c0 5.628 3.875 10.35 9.101 11.647v-7.98h-2.474V16H13.1v-1.58c0-4.085 1.849-5.978 5.859-5.978.76 0 2.072.15 2.608.298v3.325c-.283-.03-.775-.045-1.386-.045-1.967 0-2.728.745-2.728 2.683V16h3.92l-.673 3.667h-3.247v8.245C23.395 27.195 28 22.135 28 16Z\"><\/path><\/svg><\/span><\/a><a aria-label=\"Email\" class=\"heateor_sss_email\" href=\"https:\/\/rdo-olr.org\/fr\/visions-of-a-truly-bilingual-manitoba\/\" onclick=\"event.preventDefault();window.open('mailto:?subject=' + decodeURIComponent('Visions%20of%20a%20Truly%20Bilingual%20Manitoba').replace('&', '%26') + '&body=https%3A%2F%2Frdo-olr.org%2Ffr%2Fvisions-of-a-truly-bilingual-manitoba%2F', '_blank')\" title=\"Email\" rel=\"noopener\" style=\"font-size:32px!important;box-shadow:none;display:inline-block;vertical-align:middle\"><span class=\"heateor_sss_svg\" style=\"background-color:#649a3f;width:25px;height:25px;border-radius:999px;display:inline-block;opacity:1;float:left;font-size:32px;box-shadow:none;display:inline-block;font-size:16px;padding:0 4px;vertical-align:middle;background-repeat:repeat;overflow:hidden;padding:0;cursor:pointer;box-sizing:content-box\"><svg style=\"display:block;border-radius:999px;\" focusable=\"false\" aria-hidden=\"true\" xmlns=\"http:\/\/www.w3.org\/2000\/svg\" width=\"100%\" height=\"100%\" viewBox=\"-.75 -.5 36 36\"><path d=\"M 5.5 11 h 23 v 1 l -11 6 l -11 -6 v -1 m 0 2 l 11 6 l 11 -6 v 11 h -22 v -11\" stroke-width=\"1\" fill=\"#000\"><\/path><\/svg><\/span><\/a><a aria-label=\"Linkedin\" class=\"heateor_sss_button_linkedin\" href=\"https:\/\/www.linkedin.com\/sharing\/share-offsite\/?url=https%3A%2F%2Frdo-olr.org%2Ffr%2Fvisions-of-a-truly-bilingual-manitoba%2F\" title=\"Linkedin\" rel=\"nofollow noopener\" target=\"_blank\" style=\"font-size:32px!important;box-shadow:none;display:inline-block;vertical-align:middle\"><span class=\"heateor_sss_svg heateor_sss_s__default heateor_sss_s_linkedin\" style=\"background-color:#0077b5;width:25px;height:25px;border-radius:999px;display:inline-block;opacity:1;float:left;font-size:32px;box-shadow:none;display:inline-block;font-size:16px;padding:0 4px;vertical-align:middle;background-repeat:repeat;overflow:hidden;padding:0;cursor:pointer;box-sizing:content-box\"><svg style=\"display:block;border-radius:999px;\" focusable=\"false\" aria-hidden=\"true\" xmlns=\"http:\/\/www.w3.org\/2000\/svg\" width=\"100%\" height=\"100%\" viewBox=\"0 0 32 32\"><path d=\"M6.227 12.61h4.19v13.48h-4.19V12.61zm2.095-6.7a2.43 2.43 0 0 1 0 4.86c-1.344 0-2.428-1.09-2.428-2.43s1.084-2.43 2.428-2.43m4.72 6.7h4.02v1.84h.058c.56-1.058 1.927-2.176 3.965-2.176 4.238 0 5.02 2.792 5.02 6.42v7.395h-4.183v-6.56c0-1.564-.03-3.574-2.178-3.574-2.18 0-2.514 1.7-2.514 3.46v6.668h-4.187V12.61z\" fill=\"#000\"><\/path><\/svg><\/span><\/a><a aria-label=\"Instagram\" class=\"heateor_sss_button_instagram\" href=\"https:\/\/www.instagram.com\/@ottawalawreview\" title=\"Instagram\" rel=\"nofollow noopener\" target=\"_blank\" style=\"font-size:32px!important;box-shadow:none;display:inline-block;vertical-align:middle\"><span class=\"heateor_sss_svg\" style=\"background-color:#53beee;width:25px;height:25px;border-radius:999px;display:inline-block;opacity:1;float:left;font-size:32px;box-shadow:none;display:inline-block;font-size:16px;padding:0 4px;vertical-align:middle;background-repeat:repeat;overflow:hidden;padding:0;cursor:pointer;box-sizing:content-box\"><svg style=\"display:block;border-radius:999px;\" version=\"1.1\" viewBox=\"-10 -10 148 148\" width=\"100%\" height=\"100%\" xml:space=\"preserve\" xmlns=\"http:\/\/www.w3.org\/2000\/svg\" xmlns:xlink=\"http:\/\/www.w3.org\/1999\/xlink\"><g><g><path d=\"M86,112H42c-14.336,0-26-11.663-26-26V42c0-14.337,11.664-26,26-26h44c14.337,0,26,11.663,26,26v44 C112,100.337,100.337,112,86,112z M42,24c-9.925,0-18,8.074-18,18v44c0,9.925,8.075,18,18,18h44c9.926,0,18-8.075,18-18V42 c0-9.926-8.074-18-18-18H42z\" fill=\"#000\"><\/path><\/g><g><path d=\"M64,88c-13.234,0-24-10.767-24-24c0-13.234,10.766-24,24-24s24,10.766,24,24C88,77.233,77.234,88,64,88z M64,48c-8.822,0-16,7.178-16,16s7.178,16,16,16c8.822,0,16-7.178,16-16S72.822,48,64,48z\" fill=\"#000\"><\/path><\/g><g><circle cx=\"89.5\" cy=\"38.5\" fill=\"#000\" r=\"5.5\"><\/circle><\/g><\/g><\/svg><\/span><\/a><a aria-label=\"Bluesky\" class=\"heateor_sss_button_bluesky\" href=\"https:\/\/bsky.app\/intent\/compose?text=Visions%20of%20a%20Truly%20Bilingual%20Manitoba%20https%3A%2F%2Frdo-olr.org%2Ffr%2Fvisions-of-a-truly-bilingual-manitoba%2F\" title=\"Bluesky\" rel=\"nofollow noopener\" target=\"_blank\" style=\"font-size:32px!important;box-shadow:none;display:inline-block;vertical-align:middle\"><span class=\"heateor_sss_svg heateor_sss_s__default heateor_sss_s_bluesky\" style=\"background-color:#0085ff;width:25px;height:25px;border-radius:999px;display:inline-block;opacity:1;float:left;font-size:32px;box-shadow:none;display:inline-block;font-size:16px;padding:0 4px;vertical-align:middle;background-repeat:repeat;overflow:hidden;padding:0;cursor:pointer;box-sizing:content-box\"><svg width=\"100%\" height=\"100%\" style=\"display:block;border-radius:999px;\" focusable=\"false\" aria-hidden=\"true\" viewBox=\"-3 -3 38 38\" xmlns=\"http:\/\/www.w3.org\/2000\/svg\"><path d=\"M16 14.903c-.996-1.928-3.709-5.521-6.231-7.293C7.353 5.912 6.43 6.206 5.827 6.478 5.127 6.793 5 7.861 5 8.49s.346 5.155.572 5.91c.747 2.496 3.404 3.34 5.851 3.07.125-.02.252-.036.38-.052-.126.02-.253.037-.38.051-3.586.529-6.771 1.83-2.594 6.457 4.595 4.735 6.297-1.015 7.171-3.93.874 2.915 1.88 8.458 7.089 3.93 3.911-3.93 1.074-5.928-2.512-6.457a8.122 8.122 0 0 1-.38-.051c.128.016.255.033.38.051 2.447.271 5.104-.573 5.85-3.069.227-.755.573-5.281.573-5.91 0-.629-.127-1.697-.827-2.012-.604-.271-1.526-.566-3.942 1.132-2.522 1.772-5.235 5.365-6.231 7.293Z\" fill=\"#000\"\/><\/svg><\/span><\/a><\/div><div class=\"heateorSssClear\"><\/div><\/div><div class='heateorSssClear'><\/div>excerpt","protected":false},"author":934,"featured_media":33285,"comment_status":"open","ping_status":"open","sticky":false,"template":"","format":"standard","meta":{"_acf_changed":false,"inline_featured_image":false,"episode_type":"","audio_file":"","transcript_file":"","podmotor_file_id":"","podmotor_episode_id":"","cover_image":"","cover_image_id":"","duration":"","filesize":"","filesize_raw":"","date_recorded":"","explicit":"","block":"","iawp_total_views":13,"footnotes":""},"categories":[54,143],"tags":[155],"post-language":[1826],"publication-type":[1882],"volume":[1884],"issue":[305],"coauthors":[1906],"class_list":["post-33282","post","type-post","status-publish","format-standard","has-post-thumbnail","hentry","category-blog-post","category-language-rights","tag-blog","post-language-english","publication-type-blog","volume-volume-57","issue-issue-2"],"acf":[],"a3_pvc":{"activated":false,"total_views":17,"today_views":17},"yoast_head":"<!-- This site is optimized with the Yoast SEO plugin v27.5 - https:\/\/yoast.com\/product\/yoast-seo-wordpress\/ -->\n<title>Visions of a Truly Bilingual Manitoba - Ottawa Law Review<\/title>\n<meta name=\"robots\" content=\"index, follow, max-snippet:-1, max-image-preview:large, max-video-preview:-1\" \/>\n<link rel=\"canonical\" href=\"https:\/\/rdo-olr.org\/fr\/visions-of-a-truly-bilingual-manitoba\/\" \/>\n<meta property=\"og:locale\" content=\"fr_FR\" \/>\n<meta property=\"og:type\" content=\"article\" \/>\n<meta property=\"og:title\" content=\"Visions of a Truly Bilingual Manitoba - Ottawa Law Review\" \/>\n<meta property=\"og:description\" content=\"By Xavier Champagne* I. INTRODUCTION Over 150 years later, Louis Riel\u2019s 1870 vision of a truly bilingual Manitoba may have been revived. On October 19, 2023, in a mandate letter to Glen Simard, the Minister responsible for Francophone Affairs, Premier Kinew tasked the minister to \u201c[r]ecognize the founding role of the Francophone community in our [&hellip;]\" \/>\n<meta property=\"og:url\" content=\"https:\/\/rdo-olr.org\/fr\/visions-of-a-truly-bilingual-manitoba\/\" \/>\n<meta property=\"og:site_name\" content=\"Ottawa Law Review\" \/>\n<meta property=\"article:published_time\" content=\"2026-04-29T14:57:18+00:00\" \/>\n<meta name=\"author\" content=\"Xavier Champagne\" \/>\n<meta name=\"twitter:card\" content=\"summary_large_image\" \/>\n<meta name=\"twitter:label1\" content=\"\u00c9crit par\" \/>\n\t<meta name=\"twitter:data1\" content=\"Xavier Champagne\" \/>\n\t<meta name=\"twitter:label2\" content=\"Dur\u00e9e de lecture estim\u00e9e\" \/>\n\t<meta name=\"twitter:data2\" content=\"14 minutes\" \/>\n\t<meta name=\"twitter:label3\" content=\"Written by\" \/>\n\t<meta name=\"twitter:data3\" content=\"Xavier Champagne\" \/>\n<script type=\"application\/ld+json\" class=\"yoast-schema-graph\">{\"@context\":\"https:\\\/\\\/schema.org\",\"@graph\":[{\"@type\":\"Article\",\"@id\":\"https:\\\/\\\/rdo-olr.org\\\/fr\\\/visions-of-a-truly-bilingual-manitoba\\\/#article\",\"isPartOf\":{\"@id\":\"https:\\\/\\\/rdo-olr.org\\\/fr\\\/visions-of-a-truly-bilingual-manitoba\\\/\"},\"author\":{\"name\":\"Xavier Champagne\",\"@id\":\"https:\\\/\\\/rdo-olr.org\\\/fr\\\/#\\\/schema\\\/person\\\/18781879c342ed491f938f0386bdb799\"},\"headline\":\"Visions of a Truly Bilingual Manitoba\",\"datePublished\":\"2026-04-29T14:57:18+00:00\",\"mainEntityOfPage\":{\"@id\":\"https:\\\/\\\/rdo-olr.org\\\/fr\\\/visions-of-a-truly-bilingual-manitoba\\\/\"},\"wordCount\":2981,\"commentCount\":0,\"image\":{\"@id\":\"https:\\\/\\\/rdo-olr.org\\\/fr\\\/visions-of-a-truly-bilingual-manitoba\\\/#primaryimage\"},\"thumbnailUrl\":\"https:\\\/\\\/rdo-olr.org\\\/wp-content\\\/uploads\\\/2026\\\/04\\\/Y7UEAG5Q42UUOYEVCPXJOUSTE4.jpg.avif\",\"keywords\":[\"Blog\"],\"articleSection\":[\"Blog Post \\\/ Blogue\",\"Language Rights \\\/ Droits linguistiques\"],\"inLanguage\":\"fr-FR\",\"potentialAction\":[{\"@type\":\"CommentAction\",\"name\":\"Comment\",\"target\":[\"https:\\\/\\\/rdo-olr.org\\\/fr\\\/visions-of-a-truly-bilingual-manitoba\\\/#respond\"]}]},{\"@type\":\"WebPage\",\"@id\":\"https:\\\/\\\/rdo-olr.org\\\/fr\\\/visions-of-a-truly-bilingual-manitoba\\\/\",\"url\":\"https:\\\/\\\/rdo-olr.org\\\/fr\\\/visions-of-a-truly-bilingual-manitoba\\\/\",\"name\":\"Visions of a Truly Bilingual Manitoba - Ottawa Law Review\",\"isPartOf\":{\"@id\":\"https:\\\/\\\/rdo-olr.org\\\/fr\\\/#website\"},\"primaryImageOfPage\":{\"@id\":\"https:\\\/\\\/rdo-olr.org\\\/fr\\\/visions-of-a-truly-bilingual-manitoba\\\/#primaryimage\"},\"image\":{\"@id\":\"https:\\\/\\\/rdo-olr.org\\\/fr\\\/visions-of-a-truly-bilingual-manitoba\\\/#primaryimage\"},\"thumbnailUrl\":\"https:\\\/\\\/rdo-olr.org\\\/wp-content\\\/uploads\\\/2026\\\/04\\\/Y7UEAG5Q42UUOYEVCPXJOUSTE4.jpg.avif\",\"datePublished\":\"2026-04-29T14:57:18+00:00\",\"author\":{\"@id\":\"https:\\\/\\\/rdo-olr.org\\\/fr\\\/#\\\/schema\\\/person\\\/18781879c342ed491f938f0386bdb799\"},\"breadcrumb\":{\"@id\":\"https:\\\/\\\/rdo-olr.org\\\/fr\\\/visions-of-a-truly-bilingual-manitoba\\\/#breadcrumb\"},\"inLanguage\":\"fr-FR\",\"potentialAction\":[{\"@type\":\"ReadAction\",\"target\":[\"https:\\\/\\\/rdo-olr.org\\\/fr\\\/visions-of-a-truly-bilingual-manitoba\\\/\"]}]},{\"@type\":\"ImageObject\",\"inLanguage\":\"fr-FR\",\"@id\":\"https:\\\/\\\/rdo-olr.org\\\/fr\\\/visions-of-a-truly-bilingual-manitoba\\\/#primaryimage\",\"url\":\"https:\\\/\\\/rdo-olr.org\\\/wp-content\\\/uploads\\\/2026\\\/04\\\/Y7UEAG5Q42UUOYEVCPXJOUSTE4.jpg.avif\",\"contentUrl\":\"https:\\\/\\\/rdo-olr.org\\\/wp-content\\\/uploads\\\/2026\\\/04\\\/Y7UEAG5Q42UUOYEVCPXJOUSTE4.jpg.avif\",\"width\":1400,\"height\":787},{\"@type\":\"BreadcrumbList\",\"@id\":\"https:\\\/\\\/rdo-olr.org\\\/fr\\\/visions-of-a-truly-bilingual-manitoba\\\/#breadcrumb\",\"itemListElement\":[{\"@type\":\"ListItem\",\"position\":1,\"name\":\"Home\",\"item\":\"https:\\\/\\\/rdo-olr.org\\\/fr\\\/\"},{\"@type\":\"ListItem\",\"position\":2,\"name\":\"Visions of a Truly Bilingual Manitoba\"}]},{\"@type\":\"WebSite\",\"@id\":\"https:\\\/\\\/rdo-olr.org\\\/fr\\\/#website\",\"url\":\"https:\\\/\\\/rdo-olr.org\\\/fr\\\/\",\"name\":\"Ottawa Law Review\",\"description\":\"Revue De Droit D&#039;ottawa \\\/ Ottawa Law Review\",\"potentialAction\":[{\"@type\":\"SearchAction\",\"target\":{\"@type\":\"EntryPoint\",\"urlTemplate\":\"https:\\\/\\\/rdo-olr.org\\\/fr\\\/?s={search_term_string}\"},\"query-input\":{\"@type\":\"PropertyValueSpecification\",\"valueRequired\":true,\"valueName\":\"search_term_string\"}}],\"inLanguage\":\"fr-FR\"},{\"@type\":\"Person\",\"@id\":\"https:\\\/\\\/rdo-olr.org\\\/fr\\\/#\\\/schema\\\/person\\\/18781879c342ed491f938f0386bdb799\",\"name\":\"Xavier Champagne\",\"image\":{\"@type\":\"ImageObject\",\"inLanguage\":\"fr-FR\",\"@id\":\"https:\\\/\\\/secure.gravatar.com\\\/avatar\\\/fc1a4529b7e2474b51a331e5d47ff02c712c51805aa761a5795d534aa9e57e2c?s=96&d=mm&r=g1b8d3821f012bdaa16a33eb6d7cd99d8\",\"url\":\"https:\\\/\\\/secure.gravatar.com\\\/avatar\\\/fc1a4529b7e2474b51a331e5d47ff02c712c51805aa761a5795d534aa9e57e2c?s=96&d=mm&r=g\",\"contentUrl\":\"https:\\\/\\\/secure.gravatar.com\\\/avatar\\\/fc1a4529b7e2474b51a331e5d47ff02c712c51805aa761a5795d534aa9e57e2c?s=96&d=mm&r=g\",\"caption\":\"Xavier Champagne\"},\"url\":\"https:\\\/\\\/rdo-olr.org\\\/fr\\\/author\\\/xavier\\\/\"}]}<\/script>\n<!-- \/ Yoast SEO plugin. -->","yoast_head_json":{"title":"Visions of a Truly Bilingual Manitoba - Ottawa Law Review","robots":{"index":"index","follow":"follow","max-snippet":"max-snippet:-1","max-image-preview":"max-image-preview:large","max-video-preview":"max-video-preview:-1"},"canonical":"https:\/\/rdo-olr.org\/fr\/visions-of-a-truly-bilingual-manitoba\/","og_locale":"fr_FR","og_type":"article","og_title":"Visions of a Truly Bilingual Manitoba - Ottawa Law Review","og_description":"By Xavier Champagne* I. INTRODUCTION Over 150 years later, Louis Riel\u2019s 1870 vision of a truly bilingual Manitoba may have been revived. On October 19, 2023, in a mandate letter to Glen Simard, the Minister responsible for Francophone Affairs, Premier Kinew tasked the minister to \u201c[r]ecognize the founding role of the Francophone community in our [&hellip;]","og_url":"https:\/\/rdo-olr.org\/fr\/visions-of-a-truly-bilingual-manitoba\/","og_site_name":"Ottawa Law Review","article_published_time":"2026-04-29T14:57:18+00:00","author":"Xavier Champagne","twitter_card":"summary_large_image","twitter_misc":{"\u00c9crit par":"Xavier Champagne","Dur\u00e9e de lecture estim\u00e9e":"14 minutes","Written by":"Xavier Champagne"},"schema":{"@context":"https:\/\/schema.org","@graph":[{"@type":"Article","@id":"https:\/\/rdo-olr.org\/fr\/visions-of-a-truly-bilingual-manitoba\/#article","isPartOf":{"@id":"https:\/\/rdo-olr.org\/fr\/visions-of-a-truly-bilingual-manitoba\/"},"author":{"name":"Xavier Champagne","@id":"https:\/\/rdo-olr.org\/fr\/#\/schema\/person\/18781879c342ed491f938f0386bdb799"},"headline":"Visions of a Truly Bilingual Manitoba","datePublished":"2026-04-29T14:57:18+00:00","mainEntityOfPage":{"@id":"https:\/\/rdo-olr.org\/fr\/visions-of-a-truly-bilingual-manitoba\/"},"wordCount":2981,"commentCount":0,"image":{"@id":"https:\/\/rdo-olr.org\/fr\/visions-of-a-truly-bilingual-manitoba\/#primaryimage"},"thumbnailUrl":"https:\/\/rdo-olr.org\/wp-content\/uploads\/2026\/04\/Y7UEAG5Q42UUOYEVCPXJOUSTE4.jpg.avif","keywords":["Blog"],"articleSection":["Blog Post \/ Blogue","Language Rights \/ Droits linguistiques"],"inLanguage":"fr-FR","potentialAction":[{"@type":"CommentAction","name":"Comment","target":["https:\/\/rdo-olr.org\/fr\/visions-of-a-truly-bilingual-manitoba\/#respond"]}]},{"@type":"WebPage","@id":"https:\/\/rdo-olr.org\/fr\/visions-of-a-truly-bilingual-manitoba\/","url":"https:\/\/rdo-olr.org\/fr\/visions-of-a-truly-bilingual-manitoba\/","name":"Visions of a Truly Bilingual Manitoba - Ottawa Law Review","isPartOf":{"@id":"https:\/\/rdo-olr.org\/fr\/#website"},"primaryImageOfPage":{"@id":"https:\/\/rdo-olr.org\/fr\/visions-of-a-truly-bilingual-manitoba\/#primaryimage"},"image":{"@id":"https:\/\/rdo-olr.org\/fr\/visions-of-a-truly-bilingual-manitoba\/#primaryimage"},"thumbnailUrl":"https:\/\/rdo-olr.org\/wp-content\/uploads\/2026\/04\/Y7UEAG5Q42UUOYEVCPXJOUSTE4.jpg.avif","datePublished":"2026-04-29T14:57:18+00:00","author":{"@id":"https:\/\/rdo-olr.org\/fr\/#\/schema\/person\/18781879c342ed491f938f0386bdb799"},"breadcrumb":{"@id":"https:\/\/rdo-olr.org\/fr\/visions-of-a-truly-bilingual-manitoba\/#breadcrumb"},"inLanguage":"fr-FR","potentialAction":[{"@type":"ReadAction","target":["https:\/\/rdo-olr.org\/fr\/visions-of-a-truly-bilingual-manitoba\/"]}]},{"@type":"ImageObject","inLanguage":"fr-FR","@id":"https:\/\/rdo-olr.org\/fr\/visions-of-a-truly-bilingual-manitoba\/#primaryimage","url":"https:\/\/rdo-olr.org\/wp-content\/uploads\/2026\/04\/Y7UEAG5Q42UUOYEVCPXJOUSTE4.jpg.avif","contentUrl":"https:\/\/rdo-olr.org\/wp-content\/uploads\/2026\/04\/Y7UEAG5Q42UUOYEVCPXJOUSTE4.jpg.avif","width":1400,"height":787},{"@type":"BreadcrumbList","@id":"https:\/\/rdo-olr.org\/fr\/visions-of-a-truly-bilingual-manitoba\/#breadcrumb","itemListElement":[{"@type":"ListItem","position":1,"name":"Home","item":"https:\/\/rdo-olr.org\/fr\/"},{"@type":"ListItem","position":2,"name":"Visions of a Truly Bilingual Manitoba"}]},{"@type":"WebSite","@id":"https:\/\/rdo-olr.org\/fr\/#website","url":"https:\/\/rdo-olr.org\/fr\/","name":"Ottawa Law Review","description":"Revue De Droit D&#039;ottawa \/ Ottawa Law Review","potentialAction":[{"@type":"SearchAction","target":{"@type":"EntryPoint","urlTemplate":"https:\/\/rdo-olr.org\/fr\/?s={search_term_string}"},"query-input":{"@type":"PropertyValueSpecification","valueRequired":true,"valueName":"search_term_string"}}],"inLanguage":"fr-FR"},{"@type":"Person","@id":"https:\/\/rdo-olr.org\/fr\/#\/schema\/person\/18781879c342ed491f938f0386bdb799","name":"Xavier Champagne","image":{"@type":"ImageObject","inLanguage":"fr-FR","@id":"https:\/\/secure.gravatar.com\/avatar\/fc1a4529b7e2474b51a331e5d47ff02c712c51805aa761a5795d534aa9e57e2c?s=96&d=mm&r=g1b8d3821f012bdaa16a33eb6d7cd99d8","url":"https:\/\/secure.gravatar.com\/avatar\/fc1a4529b7e2474b51a331e5d47ff02c712c51805aa761a5795d534aa9e57e2c?s=96&d=mm&r=g","contentUrl":"https:\/\/secure.gravatar.com\/avatar\/fc1a4529b7e2474b51a331e5d47ff02c712c51805aa761a5795d534aa9e57e2c?s=96&d=mm&r=g","caption":"Xavier Champagne"},"url":"https:\/\/rdo-olr.org\/fr\/author\/xavier\/"}]}},"_links":{"self":[{"href":"https:\/\/rdo-olr.org\/fr\/wp-json\/wp\/v2\/posts\/33282","targetHints":{"allow":["GET"]}}],"collection":[{"href":"https:\/\/rdo-olr.org\/fr\/wp-json\/wp\/v2\/posts"}],"about":[{"href":"https:\/\/rdo-olr.org\/fr\/wp-json\/wp\/v2\/types\/post"}],"author":[{"embeddable":true,"href":"https:\/\/rdo-olr.org\/fr\/wp-json\/wp\/v2\/users\/934"}],"replies":[{"embeddable":true,"href":"https:\/\/rdo-olr.org\/fr\/wp-json\/wp\/v2\/comments?post=33282"}],"version-history":[{"count":3,"href":"https:\/\/rdo-olr.org\/fr\/wp-json\/wp\/v2\/posts\/33282\/revisions"}],"predecessor-version":[{"id":33289,"href":"https:\/\/rdo-olr.org\/fr\/wp-json\/wp\/v2\/posts\/33282\/revisions\/33289"}],"wp:featuredmedia":[{"embeddable":true,"href":"https:\/\/rdo-olr.org\/fr\/wp-json\/wp\/v2\/media\/33285"}],"wp:attachment":[{"href":"https:\/\/rdo-olr.org\/fr\/wp-json\/wp\/v2\/media?parent=33282"}],"wp:term":[{"taxonomy":"category","embeddable":true,"href":"https:\/\/rdo-olr.org\/fr\/wp-json\/wp\/v2\/categories?post=33282"},{"taxonomy":"post_tag","embeddable":true,"href":"https:\/\/rdo-olr.org\/fr\/wp-json\/wp\/v2\/tags?post=33282"},{"taxonomy":"post-language","embeddable":true,"href":"https:\/\/rdo-olr.org\/fr\/wp-json\/wp\/v2\/post-language?post=33282"},{"taxonomy":"publication-type","embeddable":true,"href":"https:\/\/rdo-olr.org\/fr\/wp-json\/wp\/v2\/publication-type?post=33282"},{"taxonomy":"volume","embeddable":true,"href":"https:\/\/rdo-olr.org\/fr\/wp-json\/wp\/v2\/volume?post=33282"},{"taxonomy":"issue","embeddable":true,"href":"https:\/\/rdo-olr.org\/fr\/wp-json\/wp\/v2\/issue?post=33282"},{"taxonomy":"author","embeddable":true,"href":"https:\/\/rdo-olr.org\/fr\/wp-json\/wp\/v2\/coauthors?post=33282"}],"curies":[{"name":"wp","href":"https:\/\/api.w.org\/{rel}","templated":true}]}}