{"id":33267,"date":"2026-04-29T14:56:51","date_gmt":"2026-04-29T14:56:51","guid":{"rendered":"https:\/\/rdo-olr.org\/?p=33267"},"modified":"2026-04-29T14:56:51","modified_gmt":"2026-04-29T14:56:51","slug":"visions-dun-manitoba-veritablement-bilingue","status":"publish","type":"post","link":"https:\/\/rdo-olr.org\/fr\/visions-dun-manitoba-veritablement-bilingue\/","title":{"rendered":"Visions d\u2019un Manitoba v\u00e9ritablement bilingue"},"content":{"rendered":"<h4 style=\"font-weight: 400;\"><em><strong>par Xavier Champagne*<\/strong><\/em><\/h4>\n<h4><strong>I. INTRODUCTION<\/strong><\/h4>\n<p style=\"font-weight: 400;\">Plus de 150 ans plus tard, la vision de Louis Riel en 1870 pour un Manitoba v\u00e9ritablement bilingue pourrait bien \u00eatre ressuscit\u00e9e. Le 19 octobre 2023, dans la lettre de mandat adress\u00e9e au ministre responsable des affaires francophones Glenn Simard, le premier ministre Kinew a charg\u00e9 le ministre de \u00ab\u00a0[r]econna\u00eetre le r\u00f4le fondateur de la communaut\u00e9 francophone dans notre province, prot\u00e9ger ses droits et am\u00e9liorer l\u2019acc\u00e8s \u00e0 l\u2019\u00e9ducation, aux soins de sant\u00e9 et aux services en fran\u00e7ais afin que nous soyons <em>v\u00e9ritablement une province bilingue\u00a0<\/em>\u00bb<a href=\"applewebdata:\/\/B756C58D-572F-45B6-AA2B-CE09AD9312FE#_edn1\" name=\"_ednref1\"><sup>[i]<\/sup><\/a>.<\/p>\n<p style=\"font-weight: 400;\">Le 9 juin 2025, le gouvernement du Manitoba a annonc\u00e9 le lancement de consultations publiques visant \u00e0 concr\u00e9tiser le caract\u00e8re v\u00e9ritablement bilingue de la province. Selon le ministre Simard, \u00ab\u00a0[c]es consultations publiques ne sont que le d\u00e9but d\u2019une initiative qui nous m\u00e8nera \u00e0 un Manitoba bilingue\u00a0\u00bb<a href=\"applewebdata:\/\/B756C58D-572F-45B6-AA2B-CE09AD9312FE#_edn2\" name=\"_ednref2\">[ii]<\/a>. La participation de la communaut\u00e9 est sollicit\u00e9e au moyen de sondages, de soumissions d\u2019argumentaires et m\u00e9moires, de tables rondes et de consultations cibl\u00e9es. La vision\u00a0:\u00a0\u00ab\u00a0[q]ue tous les Manitobains et toutes les Manitobaines puissent vivre et recevoir des services dans la langue officielle de leur choix, et que les conditions existent pour que la communaut\u00e9 francophone puisse \u00e9voluer et s\u2019\u00e9panouir\u00a0\u00bb<a href=\"applewebdata:\/\/B756C58D-572F-45B6-AA2B-CE09AD9312FE#_edn3\" name=\"_ednref3\">[iii]<\/a>.<\/p>\n<p style=\"font-weight: 400;\">La question se pose\u00a0: comment le Manitoba peut-il devenir une province v\u00e9ritablement bilingue\u00a0? En premier lieu, cet article soulignera le r\u00f4le fondateur de la communaut\u00e9 francophone au Manitoba\u00a0; en deuxi\u00e8me lieu, il pr\u00e9sentera un bref historique des protections linguistiques l\u00e9gislatives\u00a0; en troisi\u00e8me lieu, il d\u00e9crira la proc\u00e9dure constitutionnelle \u00e0 suivre pour embo\u00eeter le pas au Nouveau-Brunswick\u00a0; et enfin, il proposera une voie l\u00e9gislative alternative pour atteindre cet objectif tout en \u00e9vitant les obstacles associ\u00e9s \u00e0 l\u2019adoption d\u2019amendements constitutionnels.<\/p>\n<h4><strong>II. LE R\u00d4LE FONDATEUR<\/strong><\/h4>\n<p style=\"font-weight: 400;\">\u00c0 la fin du 17<sup>e<\/sup> si\u00e8cle, les personnes europ\u00e9ennes ayant particip\u00e9 aux explorations, ont travers\u00e9 ce qui est aujourd\u2019hui le Manitoba, revendiquant ce territoire au nom de l\u2019Angleterre et conf\u00e9rant \u00e0 la Compagnie de la Baie d\u2019Hudson le contr\u00f4le de la Terre de Rupert. La population autochtone continuait d\u2019habiter la r\u00e9gion et, au cours de cette p\u00e9riode, les M\u00e9tis sont n\u00e9s \u00e0 la suite des \u00ab\u00a0premi\u00e8res unions entre les explorateurs et n\u00e9gociants europ\u00e9ens et les femmes autochtones\u00a0\u00bb<a href=\"applewebdata:\/\/B756C58D-572F-45B6-AA2B-CE09AD9312FE#_edn4\" name=\"_ednref4\">[iv]<\/a>.Une importante colonie s\u2019est \u00e9tablie au confluent des rivi\u00e8res Rouge et Assiniboine, sous la gouvernance de la Compagnie de la Baie d\u2019Hudson. En 1870, la colonie de la rivi\u00e8re Rouge comptait 12 228 habitants, les M\u00e9tis repr\u00e9sentant le groupe majoritaire<a href=\"applewebdata:\/\/B756C58D-572F-45B6-AA2B-CE09AD9312FE#_edn5\" name=\"_ednref5\">[v]<\/a>. Ils repr\u00e9sentaient plus de 80\u00a0% de la population \u2014 5 720 francophones et 4 080 anglophones <a href=\"applewebdata:\/\/B756C58D-572F-45B6-AA2B-CE09AD9312FE#_edn6\" name=\"_ednref6\">[vi]<\/a> \u2014 et occupaient plusieurs positions d\u2019autorit\u00e9<a href=\"applewebdata:\/\/B756C58D-572F-45B6-AA2B-CE09AD9312FE#_edn7\" name=\"_ednref7\"><sup>[vii]<\/sup><\/a>.<\/p>\n<p style=\"font-weight: 400;\">\u00c0 l\u2019est, l\u2019<em>Acte de l\u2019Am\u00e9rique du Nord britannique<\/em> (aujourd\u2019hui la <em>Loi constitutionnelle de 1867<\/em>), \u00e9tablit le Canada comme pays<a href=\"applewebdata:\/\/B756C58D-572F-45B6-AA2B-CE09AD9312FE#_edn8\" name=\"_ednref8\">[viii]<\/a>. Le nouveau gouvernement canadien, dirig\u00e9 par le premier ministre John A. Macdonald, cherchait alors \u00e0 s\u2019\u00e9tendre vers l\u2019ouest et l\u2019Angleterre accepta de c\u00e9der la Terre de Rupert, y compris le territoire de l\u2019actuelle province du Manitoba, au Canada.<\/p>\n<p style=\"font-weight: 400;\">Anticipant l\u2019arriv\u00e9e de fortes vagues de colons protestants anglophones, les M\u00e9tis francophones catholiques romains, sous la direction de Louis Riel, \u00e9taient d\u00e9termin\u00e9s \u00e0 pr\u00e9server et \u00e0 prot\u00e9ger leur mode de vie<a href=\"applewebdata:\/\/B756C58D-572F-45B6-AA2B-CE09AD9312FE#_edn9\" name=\"_ednref9\"><sup>[ix]<\/sup><\/a>. Ainsi, le gouvernement provisoire de la colonie de la rivi\u00e8re Rouge a r\u00e9dig\u00e9 une liste de droits devant \u00eatre respect\u00e9e avant d\u2019accepter l\u2019autorit\u00e9 canadienne. Les n\u00e9gociations avec le Canada, men\u00e9es afin d\u2019assurer la protection de ces droits, ont \u00e9ventuellement abouti \u00e0 la promulgation de la <em>Loi de 1<\/em><em>8<\/em><em>70 sur le Manitoba<\/em><a href=\"applewebdata:\/\/B756C58D-572F-45B6-AA2B-CE09AD9312FE#_edn10\" name=\"_ednref10\"><sup>[x]<\/sup><\/a>. Les articles 22 et 23 de cette loi reproduisaient essentiellement les articles 93 et 133 de la <em>Loi constitutionnelle de <\/em><em>1867<\/em>, prot\u00e9geant, respectivement, les \u00e9coles confessionnelles et instaurant le bilinguisme parlementaire, l\u00e9gislatif et judiciaire\u00a0:<\/p>\n<table style=\"font-weight: 400;\">\n<tbody>\n<tr>\n<td width=\"335\"><em>Loi sur le Manitoba, 1870<\/em><\/p>\n<p>&nbsp;<\/td>\n<td width=\"335\"><em>Loi constitutionnelle de 1867<\/em><\/p>\n<p><em>\u00a0<\/em><\/td>\n<\/tr>\n<tr>\n<td width=\"335\">Pouvoir du Parlement<\/p>\n<p>&nbsp;<\/p>\n<p>22. La l\u00e9gislature du Manitoba a, dans les limites et pour les besoins de la province, comp\u00e9tence exclusive pour l\u00e9gif\u00e9rer en mati\u00e8re d\u2019\u00e9ducation, compte tenu des dispositions suivantes\u00a0:<\/p>\n<p>&nbsp;<\/p>\n<p>(1) Elle ne peut, par une disposition l\u00e9gislative adopt\u00e9e en cette mati\u00e8re, porter atteinte aux droits ou privil\u00e8ges appartenant de droit ou selon la coutume dans la province, lors de l\u2019adh\u00e9sion de celle-ci \u00e0 l\u2019Union, \u00e0 une cat\u00e9gorie de personnes relativement aux \u00e9coles confessionnelles.<\/p>\n<p>&nbsp;<\/p>\n<p>[\u2026]<\/td>\n<td width=\"335\">L\u00e9gislation au sujet de l\u2019\u00e9ducation<\/p>\n<p>&nbsp;<\/p>\n<p>93 Dans chaque province, la l\u00e9gislature pourra exclusivement d\u00e9cr\u00e9ter des lois relatives \u00e0 l\u2019\u00e9ducation, sujettes et conformes aux dispositions suivantes :<\/p>\n<p>&nbsp;<\/p>\n<p>&nbsp;<\/p>\n<p>1. Rien dans ces lois ne devra pr\u00e9judicier \u00e0 aucun droit ou privil\u00e8ge conf\u00e9r\u00e9, lors de l\u2019union, par la loi \u00e0 aucune classe particuli\u00e8re de personnes dans la province, relativement aux \u00e9coles s\u00e9par\u00e9es (denominational);<\/p>\n<p>&nbsp;<\/p>\n<p>[\u2026]<\/p>\n<p>&nbsp;<\/td>\n<\/tr>\n<tr>\n<td width=\"335\">Usage du fran\u00e7ais et de l&rsquo;anglais<\/p>\n<p>&nbsp;<\/p>\n<p>&nbsp;<\/p>\n<p>23. Chacun a le droit d&#8217;employer le fran\u00e7ais ou l&rsquo;anglais dans les d\u00e9bats des chambres de la L\u00e9gislature du Manitoba et l&rsquo;usage de ces deux langues est obligatoire pour les archives, les comptes rendus et les proc\u00e8s-verbaux de ces chambres. Chacun a le droit d&#8217;employer le fran\u00e7ais ou l&rsquo;anglais dans toutes les affaires dont sont saisis les tribunaux du Canada \u00e9tablis sous le r\u00e9gime de la Loi de 1867 sur l&rsquo;Am\u00e9rique du Nord britannique ou ceux de la province et dans tous les actes de proc\u00e9dure qui en d\u00e9coulent. Les lois de la L\u00e9gislature du Manitoba sont imprim\u00e9es et publi\u00e9es dans les deux langues<a href=\"applewebdata:\/\/B756C58D-572F-45B6-AA2B-CE09AD9312FE#_edn11\" name=\"_ednref11\"><sup>[xi]<\/sup><\/a>.<\/td>\n<td width=\"335\">Usage facultatif et obligatoire des langues fran\u00e7aise et anglaise<\/p>\n<p>&nbsp;<\/p>\n<p>133 Dans les chambres du parlement du Canada et les chambres de la l\u00e9gislature de Qu\u00e9bec, l\u2019usage de la langue fran\u00e7aise ou de la langue anglaise, dans les d\u00e9bats, sera facultatif; mais dans la r\u00e9daction des archives, proc\u00e8s-verbaux et journaux respectifs de ces chambres, l\u2019usage de ces deux langues sera obligatoire; et dans toute plaidoirie ou pi\u00e8ce de proc\u00e9dure par-devant les tribunaux ou \u00e9manant des tribunaux du Canada qui seront \u00e9tablis sous l\u2019autorit\u00e9 de la pr\u00e9sente loi, et par-devant tous les tribunaux ou \u00e9manant des tribunaux de Qu\u00e9bec, il pourra \u00eatre fait \u00e9galement usage, \u00e0 facult\u00e9, de l\u2019une ou de l\u2019autre de ces langues<a href=\"applewebdata:\/\/B756C58D-572F-45B6-AA2B-CE09AD9312FE#_edn12\" name=\"_ednref12\"><sup>[xii]<\/sup><\/a>.<\/p>\n<p>&nbsp;<\/td>\n<\/tr>\n<\/tbody>\n<\/table>\n<h4><strong>III. PROTECTIONS L\u00c9GISLATIVES\u00a0<\/strong><\/h4>\n<p style=\"font-weight: 400;\">Les protections l\u00e9gislatives garanties par les fondateurs du Manitoba se sont r\u00e9v\u00e9l\u00e9es illusoires, \u00e9rod\u00e9es par une vague de l\u00e9gislation anti-francophone.<\/p>\n<h5><strong>A. L\u2019article 23<\/strong><\/h5>\n<p style=\"font-weight: 400;\">En 1890, l\u2019Assembl\u00e9e l\u00e9gislative du Manitoba a adopt\u00e9 la <em>Loi pr\u00e9voyant que la langue anglaise sera la langue officielle de la province du Manitoba <\/em>[notre traduction], qui, comme son nom l\u2019indique, imposait:<\/p>\n<ol>\n<li style=\"list-style-type: none;\">\n<ol>\n<li style=\"font-weight: 400;\">Nonobstant toute loi ou disposition contraire, seule la langue anglaise sera utilis\u00e9e dans les archives, proc\u00e8s\u2011verbaux et journaux de l&rsquo;assembl\u00e9e l\u00e9gislative du Manitoba ainsi que dans toute plaidoirie ou pi\u00e8ce de proc\u00e9dure devant les tribunaux de la province du Manitoba ou \u00e9manant de ces tribunaux. Dans l&rsquo;impression et la publication des lois de la l\u00e9gislature du Manitoba, l&rsquo;usage de la langue anglaise suffira.<\/li>\n<\/ol>\n<\/li>\n<\/ol>\n<ol>\n<li style=\"list-style-type: none;\">\n<ol start=\"2\">\n<li style=\"font-weight: 400;\">La pr\u00e9sente loi ne s&rsquo;appliquera que dans la mesure o\u00f9 elle rel\u00e8ve de la comp\u00e9tence l\u00e9gislative de la L\u00e9gislature et entrera en vigueur le jour de sa sanction [traduction de la Cour supr\u00eame du Canada]<a href=\"applewebdata:\/\/B756C58D-572F-45B6-AA2B-CE09AD9312FE#_edn13\" name=\"_ednref13\"><sup>[xiii]<\/sup><\/a>.<\/li>\n<\/ol>\n<\/li>\n<\/ol>\n<p style=\"font-weight: 400;\">\u00c0 trois reprises, en 1892, 1909 et 1976, le gouvernement du Manitoba a ignor\u00e9 les d\u00e9cisions des cours inf\u00e9rieures d\u00e9clarant cette loi <em>ultra vires<\/em><a href=\"applewebdata:\/\/B756C58D-572F-45B6-AA2B-CE09AD9312FE#_edn14\" name=\"_ednref14\"><sup>[xiv]<\/sup><\/a><em>.<\/em> La province a ainsi continuellement manqu\u00e9 \u00e0 son devoir constitutionnel, participant \u00e0 des violations manifestes des protections linguistiques parlementaires, l\u00e9gislatives et judiciaires garanties par l\u2019article 23 de la <em>Loi de 1870 sur le Manitoba<\/em><a href=\"applewebdata:\/\/B756C58D-572F-45B6-AA2B-CE09AD9312FE#_edn15\" name=\"_ednref15\"><sup>[xv]<\/sup><\/a>.<\/p>\n<p style=\"font-weight: 400;\">Il a fallu 89 ans aux Franco-manitobains et une contravention de stationnement pour revendiquer leurs droits<a href=\"applewebdata:\/\/B756C58D-572F-45B6-AA2B-CE09AD9312FE#_edn16\" name=\"_ednref16\"><sup>[xvi]<\/sup><\/a>. Malgr\u00e9 tout, m\u00eame \u00e0 la suite de la d\u00e9cision historique de la Cour Supr\u00eame du Canada dans l\u2019affaire <em>Forest<\/em><a href=\"applewebdata:\/\/B756C58D-572F-45B6-AA2B-CE09AD9312FE#_edn17\" name=\"_ednref17\"><sup>[xvii]<\/sup><\/a><em>,<\/em>l\u2019Assembl\u00e9e l\u00e9gislative du Manitoba a continu\u00e9 d\u2019\u00e9dicter, d\u2019imprimer et de publier la majorit\u00e9 de ses lois uniquement en anglais<a href=\"applewebdata:\/\/B756C58D-572F-45B6-AA2B-CE09AD9312FE#_edn18\" name=\"_ednref18\"><sup>[xviii]<\/sup><\/a>. Quatre autres causes ont d\u00fb \u00eatre port\u00e9es devant la Cour supr\u00eame du Canada avant que l\u2019\u00e9tendue des obligations constitutionnelles du Manitoba en mati\u00e8re de bilinguisme l\u00e9gislatif ne soit clairement d\u00e9finie<a href=\"applewebdata:\/\/B756C58D-572F-45B6-AA2B-CE09AD9312FE#_edn19\" name=\"_ednref19\">[xix]<\/a>.<\/p>\n<p style=\"font-weight: 400;\">Comme l\u2019a reconnu la Cour supr\u00eame du Canada dans la d\u00e9cision\u00a0<em>Mahe<\/em>, \u00ab\u00a0les minorit\u00e9s linguistiques ne peuvent pas \u00eatre toujours certaines que la majorit\u00e9 tiendra compte de toutes leurs pr\u00e9occupations linguistiques et culturelles\u00a0\u00bb<a href=\"applewebdata:\/\/B756C58D-572F-45B6-AA2B-CE09AD9312FE#_edn20\" name=\"_ednref20\"><sup>[xx]<\/sup><\/a>. Bien que la Cour reconnaisse qu\u2019une telle carence \u00ab\u00a0n&rsquo;est pas n\u00e9cessairement intentionnelle\u00a0\u00bb<a href=\"applewebdata:\/\/B756C58D-572F-45B6-AA2B-CE09AD9312FE#_edn21\" name=\"_ednref21\"><sup>[xxi]<\/sup><\/a>, cet \u00e9pisode met en \u00e9vidence la n\u00e9cessit\u00e9 de prot\u00e9ger fermement les droits des francophones.<\/p>\n<h5><strong>B. L\u2019article 22<\/strong><\/h5>\n<p style=\"font-weight: 400;\">L\u2019Article 22 de la <em>Loi de 1870 sur le Manitoba<\/em> stipule qu\u2019aucune loi relative \u00e0 l\u2019\u00e9ducation ne peut \u00ab\u00a0porter atteinte aux droits ou privil\u00e8ges [\u2026] \u00e0 une cat\u00e9gorie de personnes relativement aux \u00e9coles confessionnelles\u00a0\u00bb<a href=\"applewebdata:\/\/B756C58D-572F-45B6-AA2B-CE09AD9312FE#_edn22\" name=\"_ednref22\"><sup>[xxii]<\/sup><\/a>. Bien que cette disposition, tout comme son \u00e9quivalent f\u00e9d\u00e9ral \u00e0 l\u2019article 93 de la <em>Loi constitutionnelle de 1867<\/em><a href=\"applewebdata:\/\/B756C58D-572F-45B6-AA2B-CE09AD9312FE#_edn23\" name=\"_ednref23\"><sup>[xxiii]<\/sup><\/a>, ne mentionne pas explicitement de droits linguistiques, elles ont \u00e9t\u00e9 r\u00e9dig\u00e9es et adopt\u00e9es dans un contexte historique o\u00f9 la langue et la foi \u00e9taient \u00e9troitement li\u00e9es<a href=\"applewebdata:\/\/B756C58D-572F-45B6-AA2B-CE09AD9312FE#_edn24\" name=\"_ednref24\"><sup>[xxiv]<\/sup><\/a>. Ainsi, elles visaient sans doute \u00e0 pr\u00e9server la langue d\u2019enseignement et \u00e0 prot\u00e9ger \u00e0 la fois les \u00e9coles francophones et les \u00e9coles anglophones<a href=\"applewebdata:\/\/B756C58D-572F-45B6-AA2B-CE09AD9312FE#_edn25\" name=\"_ednref25\"><sup>[xxv]<\/sup><\/a>. Cependant, le Comit\u00e9 judiciaire du Conseil priv\u00e9 en a d\u00e9cid\u00e9, autrement dans l&rsquo;affaire <em>Ottawa Separate School Trustees<\/em> <em>v<\/em> <em>MacKell<\/em> de 1916, adoptant une interpr\u00e9tation restrictive selon laquelle ces dispositions ne prot\u00e8gent que les droits en mati\u00e8re d&rsquo;\u00e9ducation express\u00e9ment \u00e9nonc\u00e9s dans le texte<a href=\"applewebdata:\/\/B756C58D-572F-45B6-AA2B-CE09AD9312FE#_edn26\" name=\"_ednref26\"><sup>[xxvi]<\/sup><\/a>.<\/p>\n<p style=\"font-weight: 400;\">Le droit \u00e0 l\u2019\u00e9ducation en fran\u00e7ais a ainsi \u00e9t\u00e9 arrach\u00e9 des francophones par l\u2019adoption de la <em>Loi Thornton <\/em>de 1916, qui a aboli les \u00e9coles bilingues et impos\u00e9 l\u2019anglais comme seule langue d\u2019enseignement<a href=\"applewebdata:\/\/B756C58D-572F-45B6-AA2B-CE09AD9312FE#_edn27\" name=\"_ednref27\"><sup>[xxvii]<\/sup><\/a>. Pendant des g\u00e9n\u00e9rations, les \u00e9l\u00e8ves franco-manitobains, y compris mon grand-p\u00e8re, ont \u00e9t\u00e9 contraints de recouvrir \u00e0 une \u00e9ducation clandestine, oblig\u00e9s \u00e0 constamment veiller \u00e0 dissimuler leurs livres en fran\u00e7ais des inspecteurs linguistiques<a href=\"applewebdata:\/\/B756C58D-572F-45B6-AA2B-CE09AD9312FE#_edn28\" name=\"_ednref28\"><sup>[xxviii]<\/sup><\/a>. En 1982, la promulgation de l\u2019article 23 de la <em>Charte canadienne des droits et libert\u00e9s<\/em> a enfin marqu\u00e9 le d\u00e9but de la protection constitutionnelle du droit \u00e0 l\u2019\u00e9ducation dans une langue minoritaire, un droit \u00e9tait pourtant cens\u00e9 \u00eatre prot\u00e9g\u00e9 au Manitoba depuis plus d\u2019un si\u00e8cle<a href=\"applewebdata:\/\/B756C58D-572F-45B6-AA2B-CE09AD9312FE#_edn29\" name=\"_ednref29\"><sup>[xxix]<\/sup><\/a>.<\/p>\n<h4><strong>IV. CODIFICATION CONSTITUTIONNELLE<\/strong><\/h4>\n<p style=\"font-weight: 400;\">Le Nouveau-Brunswick est la seule province constitutionnellement bilingue du Canada. Les articles 16 \u00e0 20 de la <em>Charte<\/em>d\u00e9signent le fran\u00e7ais comme langue officielle au Nouveau-Brunswick et garantie le droit de recevoir des services en fran\u00e7ais par les institutions gouvernementales<a href=\"applewebdata:\/\/B756C58D-572F-45B6-AA2B-CE09AD9312FE#_edn30\" name=\"_ednref30\"><sup>[xxx]<\/sup><\/a>.<\/p>\n<p style=\"font-weight: 400;\">Dans son sens litt\u00e9ral, pour que le Manitoba atteigne l\u2019objectif de devenir v\u00e9ritablement constitutionnellement bilingue, il faudrait que l\u2019Assembl\u00e9e l\u00e9gislative de la province fasse recours \u00e0 la proc\u00e9dure d\u2019amendement bilat\u00e9ral employ\u00e9e par le Nouveau-Brunswick en 1993 lors de l\u2019ajout de l\u2019article 16.1 \u00e0 la <em>Charte.<\/em> Cette proc\u00e9dure, pr\u00e9vue au paragraphe 43(b) de la <em>Loi constitutionnelle de 1982<\/em>, requiert l\u2019accord conjoint du gouvernement f\u00e9d\u00e9ral et de la province concern\u00e9e<a href=\"applewebdata:\/\/B756C58D-572F-45B6-AA2B-CE09AD9312FE#_edn31\" name=\"_ednref31\"><sup>[xxxi]<\/sup><\/a>.<\/p>\n<p style=\"font-weight: 400;\">Bien que ce processus ne soit ni rapide ni facile<a href=\"applewebdata:\/\/B756C58D-572F-45B6-AA2B-CE09AD9312FE#_edn32\" name=\"_ednref32\"><sup>[xxxii]<\/sup><\/a>, l\u2019inscription des droits des francophones dans la <em>Charte<\/em>permettrait au Manitoba de r\u00e9parer les torts du pass\u00e9, de promouvoir l\u2019\u00e9panouissement des communaut\u00e9s de langue officielle en milieu minoritaire et d\u2019assurer une protection pleine et \u00e9gale des droits linguistiques des Franco-manitobains.<\/p>\n<h4><strong>V. UNE SOLUTION INT\u00c9RIMAIRE SUR LA ROUTE DU BILINGUISME CONSTITUTIONNEL<\/strong><\/h4>\n<p style=\"font-weight: 400;\">Depuis l\u2019adoption de la <em>Charte<\/em>, le Manitoba a progressivement adopt\u00e9 des mesures visant \u00e0 instaurer un v\u00e9ritable statut bilingue. En 1989, la province a adopt\u00e9 la <em>Politique sur les services en langue fran\u00e7aise<\/em> dans le but de promouvoir la prestation de services en fran\u00e7ais au sein de l\u2019administration provinciale<a href=\"applewebdata:\/\/B756C58D-572F-45B6-AA2B-CE09AD9312FE#_edn33\" name=\"_ednref33\">[xxxiii]<\/a>. R\u00e9vis\u00e9e en 1999, 2008 et en 2017, cette politique pr\u00e9voit, entre autres, que des services en fran\u00e7ais soient offerts par l\u2019interm\u00e9diaire de centres de services bilingues dans les r\u00e9gions o\u00f9 la population francophone est concentr\u00e9e et que les communications, les sites web et les documents destin\u00e9s au public soient publi\u00e9s dans les deux langues officielles<a href=\"applewebdata:\/\/B756C58D-572F-45B6-AA2B-CE09AD9312FE#_edn34\" name=\"_ednref34\">[xxxiv]<\/a>.<\/p>\n<p style=\"font-weight: 400;\">La <em>Loi sur les centres de services bilingues<\/em><a href=\"applewebdata:\/\/B756C58D-572F-45B6-AA2B-CE09AD9312FE#_edn35\" name=\"_ednref35\">[xxxv]<\/a> et la <em>Loi sur l\u2019appui \u00e0 l\u2019\u00e9panouissement de la francophonie manitobaine<\/em><a href=\"applewebdata:\/\/B756C58D-572F-45B6-AA2B-CE09AD9312FE#_edn36\" name=\"_ednref36\">[xxxvi]<\/a> constituent la codification l\u00e9gislative de certains \u00e9l\u00e9ments cl\u00e9s de la <em>Politique sur les services en langue fran\u00e7aise<\/em>. Ensemble, ces lois contribuent \u00e0 consolider les valeurs qui sous-tendent le cadre institutionnel r\u00e9gissant l\u2019offre de services en fran\u00e7ais au Manitoba. Notamment, elles codifient une d\u00e9finition inclusive de la communaut\u00e9 francophone ainsi que celle du concept d\u2019\u00ab\u00a0offre active\u00a0\u00bb et d\u00e9finissent les r\u00f4les respectifs du ministre responsable des Affaires francophones et du Secr\u00e9tariat aux affaires francophones<a href=\"applewebdata:\/\/B756C58D-572F-45B6-AA2B-CE09AD9312FE#_edn37\" name=\"_ednref37\">[xxxvii]<\/a>.<\/p>\n<p style=\"font-weight: 400;\">Plus pr\u00e9cis\u00e9ment, le paragraphe 2(1) de la <em>Loi sur les centres de services bilingues<\/em> garantit la pr\u00e9sence de centres de services bilingues dans six r\u00e9gions d\u00e9sign\u00e9es o\u00f9 la communaut\u00e9 francophone est particuli\u00e8rement vivace<a href=\"applewebdata:\/\/B756C58D-572F-45B6-AA2B-CE09AD9312FE#_edn38\" name=\"_ednref38\"><sup>[xxxviii]<\/sup><\/a>. Cependant, le gouvernement du Manitoba n\u2019est pas tenu de fournir des services en fran\u00e7ais \u00e0 l\u2019ext\u00e9rieur de ces r\u00e9gions. Donc, si le ministre Simard ne parvient pas \u00e0 rendre le Manitoba <em>v\u00e9ritablement<\/em> bilingue, la province pourra tout de m\u00eame am\u00e9liorer l\u2019offre de services en fran\u00e7ais \u2014 l\u2019un des objectifs centraux du mandat du gouvernement<a href=\"applewebdata:\/\/B756C58D-572F-45B6-AA2B-CE09AD9312FE#_edn39\" name=\"_ednref39\">[xxxix]<\/a> \u2014 en augmentant le nombre de r\u00e9gions d\u00e9sign\u00e9es bilingues.<\/p>\n<p style=\"font-weight: 400;\">En vertu du paragraphe 4(1) de la <em>Loi sur les centres de service bilingues<\/em>, \u00ab\u00a0[l]e lieutenant-gouverneur en conseil peut, par r\u00e8glement, modifier l&rsquo;annexe afin d&rsquo;y ajouter une ou des r\u00e9gions\u00a0\u00bb, en tenant compte des facteurs suivants, \u00e9nonc\u00e9s au paragraphe 4(2)\u00a0:<\/p>\n<p style=\"font-weight: 400; padding-left: 80px;\">(a)\u00a0le fait qu&rsquo;il existe ou non une demande importante dans une r\u00e9gion en ce qui a trait aux communications en fran\u00e7ais et en anglais avec le gouvernement dans un centre de service bilingue;<\/p>\n<p style=\"font-weight: 400; padding-left: 80px;\">(b)\u00a0la n\u00e9cessit\u00e9 de promouvoir ou de revitaliser l&rsquo;utilisation du fran\u00e7ais dans la r\u00e9gion ainsi que la vitalit\u00e9 institutionnelle de la collectivit\u00e9 francophone \u00e0 cet endroit;<\/p>\n<p style=\"font-weight: 400; padding-left: 80px;\">(c)\u00a0le nombre de personnes de la r\u00e9gion dont la premi\u00e8re langue est le fran\u00e7ais ou qui parlent principalement cette langue \u00e0 la maison;<\/p>\n<p style=\"font-weight: 400; padding-left: 80px;\">(d)\u00a0les autres \u00e9l\u00e9ments qu&rsquo;il estime n\u00e9cessaires ou indiqu\u00e9s<a href=\"applewebdata:\/\/B756C58D-572F-45B6-AA2B-CE09AD9312FE#_edn40\" name=\"_ednref40\"><sup>[xl]<\/sup><\/a>.<\/p>\n<p style=\"font-weight: 400;\">L\u2019article 4 habilite la branche ex\u00e9cutive d\u2019accro\u00eetre le nombre de r\u00e9gions bilingues sans devoir obtenir l\u2019approbation de l\u2019Assembl\u00e9e l\u00e9gislative du Manitoba, permettant au premier ministre Kinew d\u2019agir rapidement et d\u2019\u00e9viter toute opposition potentielle de la part des repr\u00e9sentants l\u00e9gislatifs majoritairement anglophones. De plus, la <em>Loi sur les centres de service bilingues<\/em> ne conf\u00e8re pas au lieutenant-gouverneur en conseil le pouvoir d\u2019abroger une r\u00e9gion par voie de r\u00e8glement. Ainsi, toute tentative d\u2019\u00e9liminer une r\u00e9gion n\u00e9cessiterait une modification l\u00e9gislative et un vote majoritaire de l\u2019Assembl\u00e9e l\u00e9gislative. Une telle exigence pourrait limiter la capacit\u00e9 de futurs gouvernements de d\u00e9manteler unilat\u00e9ralement les centres de services en fran\u00e7ais.<\/p>\n<p style=\"font-weight: 400;\">Bien qu\u2019elles ne soient manifestement pas aussi solides ni d\u2019une port\u00e9e comparable \u00e0 un amendement constitutionnel, ces extensions l\u00e9gislatives strat\u00e9giques pourraient graduellement faire avancer le Manitoba vers un statut quasi bilingue.<\/p>\n<h4><strong>VI. CONCLUSION<\/strong><\/h4>\n<p style=\"font-weight: 400;\">La vision du premier ministre Kinew d&rsquo;un Manitoba bilingue, un mandat qui fait \u00e9cho aux aspirations du p\u00e8re du Manitoba il y a plus de 150 ans, a r\u00e9ouvert une voie constitutionnelle. Il est temps pour la province de saisir cette occasion et de rejoindre le Nouveau-Brunswick en tant que province constitutionnellement bilingue. Cependant, un tel changement ne peut se r\u00e9aliser du jour au lendemain. Entretemps, augmenter le nombre de r\u00e9gions figurant dans la <em>Loi sur les centres de services bilingues<\/em><a href=\"applewebdata:\/\/B756C58D-572F-45B6-AA2B-CE09AD9312FE#_edn41\" name=\"_ednref41\"><sup>[xli]<\/sup><\/a> offre au Manitoba un moyen direct, pragmatique et efficace de progresser vers un statut <em>v\u00e9ritablement<\/em> bilingue.<\/p>\n<p>&#8212;-<\/p>\n<p><a href=\"applewebdata:\/\/B756C58D-572F-45B6-AA2B-CE09AD9312FE#_ednref1\" name=\"_edn1\"><\/a>* Xavier Champagne est \u00e9tudiant du programme conjoint du Baccalaur\u00e9at en sciences commerciales et Juris Doctor \u00e0 l\u2019Universit\u00e9 d\u2019Ottawa. L&rsquo;auteur tient \u00e0 remercier Philippe Champagne de lui avoir insuffl\u00e9 un amour de la culture franco-manitobaine, ainsi que Georges Prescott pour sa pr\u00e9cieuse histoire de lutte pour la conservation de la langue fran\u00e7aise dans un contexte minoritaire.<\/p>\n<p>[i] Manitoba, Premier ministre du Manitoba, <em>Mandate Letter to the Minister of Sport, Culture, Heritage and Tourism<\/em> (19 October 2023), \u00e0 la p 1, en ligne : &lt;gov.mb.ca\/asset_library\/en\/proactive\/20232024\/sport-culture-heritage-and-tourism-mandate-letter.pdf&gt; [notre traduction, emphase ajout\u00e9e].<\/p>\n<p><a href=\"applewebdata:\/\/B756C58D-572F-45B6-AA2B-CE09AD9312FE#_ednref2\" name=\"_edn2\">[ii]<\/a> Province du Manitoba, Communiqu\u00e9s, \u00ab\u00a0Le gouvernement manitobain entame des consultations publiques sur un projet visant \u00e0 cr\u00e9er une province v\u00e9ritablement bilingue\u00a0\u00bb (9 juin 2025), en ligne : &lt;news.gov.mb.ca\/news\/index.fr.html?item=69558&gt;.<\/p>\n<p><a href=\"applewebdata:\/\/B756C58D-572F-45B6-AA2B-CE09AD9312FE#_ednref3\" name=\"_edn3\">[iii]<\/a> Manitoba, Secr\u00e9tariat aux affaires francophones, <em>Manitoba\u00a0: une province v\u00e9ritablement bilingue<\/em>, 2025 aux pp 4, 8, en ligne\u00a0: &lt;gov.mb.ca\/asset_library\/en\/engagemb\/francophone-strategy-a-bilingual-manitoba-fr.pdf&gt;.<\/p>\n<p><a href=\"applewebdata:\/\/B756C58D-572F-45B6-AA2B-CE09AD9312FE#_ednref4\" name=\"_edn4\">[iv]<\/a> <em>Manitoba Metis Federation Inc c Canada (PG)<\/em>, 2013 CSC 14 au para 21 [<em>Manitoba M\u00e9tis Federation<\/em>]; Guy Jourdain, \u00ab\u00a0La l\u00e9gislation bilingue au Manitoba : le r\u00eave d\u2019une version fran\u00e7aise faite sur mesure pour son auditoire\u00a0\u00bb (2002) 47:2 Meta 244 \u00e0 la p 246.<\/p>\n<p><a href=\"applewebdata:\/\/B756C58D-572F-45B6-AA2B-CE09AD9312FE#_ednref5\" name=\"_edn5\">[v]<\/a> George Goulet et Terry Goulet, <em>The Metis: Memorable Events and Memorable Personalities<\/em>, Calgary, FabJob Inc, 2006 \u00e0 la p 128; Constancia Smart-Carvalho, \u00ab\u00a0The Enactment of Bill 5, The Francophone Community Enhancement and Support Act: A Proud Moment for Manitoba\u00a0\u00bb (2018) 41:1 Man LJ 479 \u00e0 la p 481.<\/p>\n<p><a href=\"applewebdata:\/\/B756C58D-572F-45B6-AA2B-CE09AD9312FE#_ednref6\" name=\"_edn6\">[vi]<\/a> G Goulet et T Goulet, <em>supra<\/em> note v \u00e0 la p 128. Voir aussi Donald Gun et Charles Tuttle, <em>History of Manitoba: From the Earliest Settlement to 1835<\/em>, Ottawa, Mclean, Roger &amp; Co, 1880 \u00e0 la p 467.<\/p>\n<p><a href=\"applewebdata:\/\/B756C58D-572F-45B6-AA2B-CE09AD9312FE#_ednref7\" name=\"_edn7\">[vii]<\/a> <em>Manitoba M\u00e9tis Federation<\/em>, <em>supra<\/em> note iv aux para 22\u201323.<\/p>\n<p><a href=\"applewebdata:\/\/B756C58D-572F-45B6-AA2B-CE09AD9312FE#_ednref8\" name=\"_edn8\">[viii]<\/a> (R-U), 30 &amp; 31 Vict, c 3, art 91, reproduit dans LRC 1985, annexe II, n\u02da5 [<em>Loi constitutionnelle de <\/em><em>1867<\/em>].<\/p>\n<p><a href=\"applewebdata:\/\/B756C58D-572F-45B6-AA2B-CE09AD9312FE#_ednref9\" name=\"_edn9\">[ix]<\/a> <em>Manitoba M\u00e9tis Federation<\/em>, <em>supra<\/em> note iv au para 25; G Goulet et T Goulet, <em>supra<\/em> note v aux pp 124\u201328; Smart-Carvalho, <em>supra<\/em>note v \u00e0 la p 481.<\/p>\n<p><a href=\"applewebdata:\/\/B756C58D-572F-45B6-AA2B-CE09AD9312FE#_ednref10\" name=\"_edn10\">[x]<\/a> <em>Manitoba M\u00e9tis Federation<\/em>, <em>supra<\/em> note iv aux para 26\u201331; LC 1870, c 3, reproduite dans LRC 1985, annexe II [<em>Loi de 1<\/em><em>870 sur le Manitoba<\/em>].<\/p>\n<p><a href=\"applewebdata:\/\/B756C58D-572F-45B6-AA2B-CE09AD9312FE#_ednref11\" name=\"_edn11\">[xi]<\/a> <em>Loi de 1<\/em><em>870 sur le Manitoba<\/em>,<em> supra<\/em> note x, arts 22\u201323.<\/p>\n<p><a href=\"applewebdata:\/\/B756C58D-572F-45B6-AA2B-CE09AD9312FE#_ednref12\" name=\"_edn12\">[xii]<\/a> <em>Loi constitutionnelle de <\/em><em>1867<\/em>,<em> supra<\/em> note viii, arts 93, 133.<\/p>\n<p><a href=\"applewebdata:\/\/B756C58D-572F-45B6-AA2B-CE09AD9312FE#_ednref13\" name=\"_edn13\">[xiii]<\/a> <em>An Act to Provide that the English Language shall be the Official Language of the Province of Manitoba<\/em>, LM 1890, c 14, arts 1\u20132. Voir aussi <em>Renvoi\u00a0: Droits linguistiques au Manitoba<\/em>, [1985] 1 RCS 721 \u00e0 la p 732 [<em>Re Manitoba 1985<\/em>].<\/p>\n<p><a href=\"applewebdata:\/\/B756C58D-572F-45B6-AA2B-CE09AD9312FE#_ednref14\" name=\"_edn14\">[xiv]<\/a> <em>Re Manitoba 1985<\/em>, <em>supra<\/em> note xiii aux pp 732\u201334.<\/p>\n<p><a href=\"applewebdata:\/\/B756C58D-572F-45B6-AA2B-CE09AD9312FE#_ednref15\" name=\"_edn15\">[xv]<\/a> <em>Loi de 1<\/em><em>870 sur le Manitoba<\/em>,<em> supra<\/em> note x, art 23. Voir aussi Michel Doucet, \u00ab\u00a0Le bilinguisme l\u00e9gislatif\u00a0\u00bb dans Michel Bastarache et Michel Doucet, <em>Les droits linguistiques au Canada<\/em>, 3<sup>e<\/sup> \u00e9d, Cowansville, \u00c9ditions Yvon Blais, 2013, 179 \u00e0 la p 229.<\/p>\n<p><a href=\"applewebdata:\/\/B756C58D-572F-45B6-AA2B-CE09AD9312FE#_ednref16\" name=\"_edn16\">[xvi]<\/a> <em>Manitoba (PG) c Forest<\/em>, [1979] 2 RCS 1032.<\/p>\n<p><a href=\"applewebdata:\/\/B756C58D-572F-45B6-AA2B-CE09AD9312FE#_ednref17\" name=\"_edn17\">[xvii]<\/a> <em>Ibid<\/em>.<\/p>\n<p><a href=\"applewebdata:\/\/B756C58D-572F-45B6-AA2B-CE09AD9312FE#_ednref18\" name=\"_edn18\">[xviii]<\/a> <em>Re Manitoba 1985<\/em>, <em>supra<\/em> note xiii \u00e0 la p 732\u201333.<\/p>\n<p><a href=\"applewebdata:\/\/B756C58D-572F-45B6-AA2B-CE09AD9312FE#_ednref19\" name=\"_edn19\">[xix]<\/a> <em>Ibid <\/em>at para 13; <em>Ordonnance: Droits linguistiques au Manitoba<\/em>, [1985] 2 RCS 347; <em>Ordonnance relative aux droits linguistiques au Manitoba<\/em>, [1990] 3 RCS 1417; <em>Renvoi relatif aux droits linguistiques au Manitoba<\/em>, [1992] 1 RCS 212.<\/p>\n<p><a href=\"applewebdata:\/\/B756C58D-572F-45B6-AA2B-CE09AD9312FE#_ednref20\" name=\"_edn20\">[xx]<\/a> <em>Mahe c Alberta<\/em>, [1990] 1 RCS 342 \u00e0 la p 372.<\/p>\n<p><a href=\"applewebdata:\/\/B756C58D-572F-45B6-AA2B-CE09AD9312FE#_ednref21\" name=\"_edn21\">[xxi]<\/a> <em>Ibid<\/em>.<\/p>\n<p><a href=\"applewebdata:\/\/B756C58D-572F-45B6-AA2B-CE09AD9312FE#_ednref22\" name=\"_edn22\">[xxii]<\/a> <em>Loi de 1<\/em><em>870 sur le Manitoba<\/em>,<em> supra<\/em> note x, art 22.<\/p>\n<p><a href=\"applewebdata:\/\/B756C58D-572F-45B6-AA2B-CE09AD9312FE#_ednref23\" name=\"_edn23\">[xxiii]<\/a> <em>Loi constitutionnelle de <\/em><em>1867<\/em>,<em> supra<\/em> note viii, art 93.<\/p>\n<p><a href=\"applewebdata:\/\/B756C58D-572F-45B6-AA2B-CE09AD9312FE#_ednref24\" name=\"_edn24\">[xxiv]<\/a> Jourdain, <em>supra<\/em> note iv \u00e0 la p 246; Smart-Carvalho, <em>supra<\/em> note v aux pp 482\u201383; Camille Harper, \u00ab\u00a0270 ans de migration et d\u2019immigration francophones au Manitoba\u00a0\u00bb, <em>La Libert\u00e9 Magazine<\/em> 1:2 (mars 2020) \u00e0 la p 7; Michel Verrette, \u00ab Manitoba School Question \u00bb (derni\u00e8re modification le 1 juin 2016), en ligne : &lt;thecanadianencyclopedia.ca\/en\/article\/manitoba-schools-question&gt;.<\/p>\n<p><a href=\"applewebdata:\/\/B756C58D-572F-45B6-AA2B-CE09AD9312FE#_ednref25\" name=\"_edn25\">[xxv]<\/a> Jourdain, <em>supra<\/em> note iv \u00e0 la p 246.<\/p>\n<p><a href=\"applewebdata:\/\/B756C58D-572F-45B6-AA2B-CE09AD9312FE#_ednref26\" name=\"_edn26\">[xxvi]<\/a> <em>Ottawa Separate School Trustees v MacKell<\/em>, 32 DLR 1 aux pp 8\u20139 (UK JCPC). Voir aussi Mark C Power, \u00ab Les droits linguistiques en mati\u00e8re d\u2019\u00e9ducation \u00bb dans Bastarache et Doucet, <em>supra<\/em> note xv aux pp 661\u201362.<\/p>\n<p><a href=\"applewebdata:\/\/B756C58D-572F-45B6-AA2B-CE09AD9312FE#_ednref27\" name=\"_edn27\">[xxvii]<\/a> Verrette, <em>supra<\/em> note xxiv; Smart-Carvalho, <em>supra<\/em> note v \u00e0 la p 484.<\/p>\n<p><a href=\"applewebdata:\/\/B756C58D-572F-45B6-AA2B-CE09AD9312FE#_ednref28\" name=\"_edn28\">[xxviii]<\/a> Smart-Carvalho, <em>supra<\/em> note v \u00e0 la p 484.<\/p>\n<p><a href=\"applewebdata:\/\/B756C58D-572F-45B6-AA2B-CE09AD9312FE#_ednref29\" name=\"_edn29\">[xxix]<\/a> Art 7, partie I de la <em>Loi constitutionnelle de 1982<\/em>, constituant l\u2019annexe B de la <em>Loi de 1982 sur le <\/em>Canada (R-U), 1982, c 11, art 23.<\/p>\n<p><a href=\"applewebdata:\/\/B756C58D-572F-45B6-AA2B-CE09AD9312FE#_ednref30\" name=\"_edn30\">[xxx]<\/a> <em>Ibid<\/em>, arts 16\u201322.<\/p>\n<p><a href=\"applewebdata:\/\/B756C58D-572F-45B6-AA2B-CE09AD9312FE#_ednref31\" name=\"_edn31\">[xxxi]<\/a> Art 35, constituant l\u2019annexe B de la <em>Loi de 1982 sur le Canada <\/em>(R-U), 1982, c 11, art 43(b) [<em>Loi de 1982 sur le Canada<\/em>].<\/p>\n<p><a href=\"applewebdata:\/\/B756C58D-572F-45B6-AA2B-CE09AD9312FE#_ednref32\" name=\"_edn32\">[xxxii]<\/a> Pour un aper\u00e7u historique du parcours du Nouveau-Brunswick vers la constitutionnalit\u00e9 bilingue, voir <em>Charlebois c Mowat<\/em>,2001 NBCA 117 aux para 7\u201311.<\/p>\n<p><a href=\"applewebdata:\/\/B756C58D-572F-45B6-AA2B-CE09AD9312FE#_ednref33\" name=\"_edn33\">[xxxiii]<\/a> Gouvernement du Manitoba, <em>Politique sur les services en fran\u00e7ais \u2013 mai 2017<\/em>, 2017, en ligne\u00a0(pdf) : &lt;gov.mb.ca\/fls-slf\/pdf\/fls_policy_fr20170908.pdf&gt;.<\/p>\n<p><a href=\"applewebdata:\/\/B756C58D-572F-45B6-AA2B-CE09AD9312FE#_ednref34\" name=\"_edn34\">[xxxiv]<\/a> <em>Ibid<\/em> aux pp 1\u20133. Voir aussi Jennifer Klinck et al, \u00ab\u00a0Le droit \u00e0 la prestation des services publics and les langues officielles\u00a0\u00bb dans Bastarache et Doucet, <em>supra<\/em> note xv \u00e0 la p 617; Planctus, \u00ab\u00a0R\u00e9sum\u00e9 des droits linguistiques au Canada et des m\u00e9canismes de plaintes\u00a0\u00bb (derni\u00e8re consultation le 16 janvier 2026), en ligne\u00a0: &lt;planctus.ca\/droits-linguistiques-applicables&gt;.<\/p>\n<p><a href=\"applewebdata:\/\/B756C58D-572F-45B6-AA2B-CE09AD9312FE#_ednref35\" name=\"_edn35\">[xxxv]<\/a> LM 2016, CPLM c B37 [<em>Loi sur les services bilingues<\/em>]. Les premi\u00e8res versions du <em>la Politique sur les services en langue fran\u00e7aise<\/em>, y compris les dispositions relatives aux centres de services bilingues, ont \u00e9t\u00e9 inform\u00e9s par le rapport Chartier (voir Manitoba, Secr\u00e9tariat aux affaires francophones, <em>Avant toute chose, le bon sens\u00a0: Un rapport et des recommandations sur les services en fran\u00e7ais au sein du gouvernement du Manitoba<\/em>, Commissaire l&rsquo;honorable juge Richard Chartier, mai 1998, en ligne\u00a0: &lt;gov.mb.ca\/fls-slf\/report\/toc.html&gt;).<\/p>\n<p><a href=\"applewebdata:\/\/B756C58D-572F-45B6-AA2B-CE09AD9312FE#_ednref36\" name=\"_edn36\">[xxxvi]<\/a> LM 2016, CPLM c F157.<\/p>\n<p><a href=\"applewebdata:\/\/B756C58D-572F-45B6-AA2B-CE09AD9312FE#_ednref37\" name=\"_edn37\">[xxxvii]<\/a> Le Manitoba a \u00e9galement adopt\u00e9 une l\u00e9gislation sp\u00e9cifique visant \u00e0 prot\u00e9ger les services en fran\u00e7ais dans certains domaines, notamment le milieu culturel et artistique francophone, le secteur universitaire, ainsi que les services de sant\u00e9 et les services sociaux (voir la <em>Loi sur le Centre Culturel Franco-Manitobain<\/em>, LM 2022, CPLM c C45; la <em>Loi sur l\u2019Universit\u00e9 de Saint-Boniface<\/em>, LM 2018, CPLM c U50; la <em>Loi sur la gouvernance et l\u2019obligation redditionnelle au sein du syst\u00e8me de sant\u00e9<\/em>, LM 2023, CPLM c H26.5, arts 1\u20132; <em>R\u00e8glement sur la d\u00e9signation des \u00e9tablissements et des programmes francophones et bilingues<\/em>, constituant la <em>Loi sur la gouvernance et l\u2019obligation redditionnelle au sein du syst\u00e8me de sant\u00e9<\/em>, LM 2022, CPLM c H26.5, R\u00e8gl du Man 131\/2013, arts 2\u20133).<\/p>\n<p><a href=\"applewebdata:\/\/B756C58D-572F-45B6-AA2B-CE09AD9312FE#_ednref38\" name=\"_edn38\">[xxxviii]<\/a> <em>Loi sur les services bilingues<\/em>,<em> supra<\/em> note xxxv, pr\u00e9ambule, art 2(1).<\/p>\n<p><a href=\"applewebdata:\/\/B756C58D-572F-45B6-AA2B-CE09AD9312FE#_ednref39\" name=\"_edn39\">[xxxix]<\/a> Premier ministre du Manitoba, <em>supra<\/em> note i \u00e0 la p 1.<\/p>\n<p><a href=\"applewebdata:\/\/B756C58D-572F-45B6-AA2B-CE09AD9312FE#_ednref40\" name=\"_edn40\">[xl]<\/a> <em>Loi sur les services bilingues<\/em>,<em> supra <\/em>note xxxv, art 4.<\/p>\n<p><a href=\"applewebdata:\/\/B756C58D-572F-45B6-AA2B-CE09AD9312FE#_ednref41\" name=\"_edn41\">[xli]<\/a> <em>Ibid<\/em>, Schedule; <span lang=\"EN-CA\">Manitoba, <i>Mandate Letter<\/i>, <i>supra<\/i> note i.<\/span><\/p>\n<p>&nbsp;<\/p>\n","protected":false},"excerpt":{"rendered":"<div class='heateorSssClear'><\/div><div  class='heateor_sss_sharing_container heateor_sss_horizontal_sharing' data-heateor-sss-href='https:\/\/rdo-olr.org\/fr\/visions-dun-manitoba-veritablement-bilingue\/'><div class='heateor_sss_sharing_title' style=\"font-weight:bold\" >Partager cet Article<\/div><div class=\"heateor_sss_sharing_ul\"><a aria-label=\"Facebook\" class=\"heateor_sss_facebook\" href=\"https:\/\/www.facebook.com\/sharer\/sharer.php?u=https%3A%2F%2Frdo-olr.org%2Ffr%2Fvisions-dun-manitoba-veritablement-bilingue%2F\" title=\"Facebook\" rel=\"nofollow noopener\" target=\"_blank\" style=\"font-size:32px!important;box-shadow:none;display:inline-block;vertical-align:middle\"><span class=\"heateor_sss_svg\" style=\"background-color:#0765FE;width:25px;height:25px;border-radius:999px;display:inline-block;opacity:1;float:left;font-size:32px;box-shadow:none;display:inline-block;font-size:16px;padding:0 4px;vertical-align:middle;background-repeat:repeat;overflow:hidden;padding:0;cursor:pointer;box-sizing:content-box\"><svg style=\"display:block;border-radius:999px;\" focusable=\"false\" aria-hidden=\"true\" xmlns=\"http:\/\/www.w3.org\/2000\/svg\" width=\"100%\" height=\"100%\" viewBox=\"0 0 32 32\"><path fill=\"#000\" d=\"M28 16c0-6.627-5.373-12-12-12S4 9.373 4 16c0 5.628 3.875 10.35 9.101 11.647v-7.98h-2.474V16H13.1v-1.58c0-4.085 1.849-5.978 5.859-5.978.76 0 2.072.15 2.608.298v3.325c-.283-.03-.775-.045-1.386-.045-1.967 0-2.728.745-2.728 2.683V16h3.92l-.673 3.667h-3.247v8.245C23.395 27.195 28 22.135 28 16Z\"><\/path><\/svg><\/span><\/a><a aria-label=\"Email\" class=\"heateor_sss_email\" href=\"https:\/\/rdo-olr.org\/fr\/visions-dun-manitoba-veritablement-bilingue\/\" onclick=\"event.preventDefault();window.open('mailto:?subject=' + decodeURIComponent('Visions%20d%E2%80%99un%20Manitoba%20v%C3%A9ritablement%20bilingue').replace('&', '%26') + '&body=https%3A%2F%2Frdo-olr.org%2Ffr%2Fvisions-dun-manitoba-veritablement-bilingue%2F', '_blank')\" title=\"Email\" rel=\"noopener\" style=\"font-size:32px!important;box-shadow:none;display:inline-block;vertical-align:middle\"><span class=\"heateor_sss_svg\" style=\"background-color:#649a3f;width:25px;height:25px;border-radius:999px;display:inline-block;opacity:1;float:left;font-size:32px;box-shadow:none;display:inline-block;font-size:16px;padding:0 4px;vertical-align:middle;background-repeat:repeat;overflow:hidden;padding:0;cursor:pointer;box-sizing:content-box\"><svg style=\"display:block;border-radius:999px;\" focusable=\"false\" aria-hidden=\"true\" xmlns=\"http:\/\/www.w3.org\/2000\/svg\" width=\"100%\" height=\"100%\" viewBox=\"-.75 -.5 36 36\"><path d=\"M 5.5 11 h 23 v 1 l -11 6 l -11 -6 v -1 m 0 2 l 11 6 l 11 -6 v 11 h -22 v -11\" stroke-width=\"1\" fill=\"#000\"><\/path><\/svg><\/span><\/a><a aria-label=\"Linkedin\" class=\"heateor_sss_button_linkedin\" href=\"https:\/\/www.linkedin.com\/sharing\/share-offsite\/?url=https%3A%2F%2Frdo-olr.org%2Ffr%2Fvisions-dun-manitoba-veritablement-bilingue%2F\" title=\"Linkedin\" rel=\"nofollow noopener\" target=\"_blank\" style=\"font-size:32px!important;box-shadow:none;display:inline-block;vertical-align:middle\"><span class=\"heateor_sss_svg heateor_sss_s__default heateor_sss_s_linkedin\" style=\"background-color:#0077b5;width:25px;height:25px;border-radius:999px;display:inline-block;opacity:1;float:left;font-size:32px;box-shadow:none;display:inline-block;font-size:16px;padding:0 4px;vertical-align:middle;background-repeat:repeat;overflow:hidden;padding:0;cursor:pointer;box-sizing:content-box\"><svg style=\"display:block;border-radius:999px;\" focusable=\"false\" aria-hidden=\"true\" xmlns=\"http:\/\/www.w3.org\/2000\/svg\" width=\"100%\" height=\"100%\" viewBox=\"0 0 32 32\"><path d=\"M6.227 12.61h4.19v13.48h-4.19V12.61zm2.095-6.7a2.43 2.43 0 0 1 0 4.86c-1.344 0-2.428-1.09-2.428-2.43s1.084-2.43 2.428-2.43m4.72 6.7h4.02v1.84h.058c.56-1.058 1.927-2.176 3.965-2.176 4.238 0 5.02 2.792 5.02 6.42v7.395h-4.183v-6.56c0-1.564-.03-3.574-2.178-3.574-2.18 0-2.514 1.7-2.514 3.46v6.668h-4.187V12.61z\" fill=\"#000\"><\/path><\/svg><\/span><\/a><a aria-label=\"Instagram\" class=\"heateor_sss_button_instagram\" href=\"https:\/\/www.instagram.com\/@ottawalawreview\" title=\"Instagram\" rel=\"nofollow noopener\" target=\"_blank\" style=\"font-size:32px!important;box-shadow:none;display:inline-block;vertical-align:middle\"><span class=\"heateor_sss_svg\" style=\"background-color:#53beee;width:25px;height:25px;border-radius:999px;display:inline-block;opacity:1;float:left;font-size:32px;box-shadow:none;display:inline-block;font-size:16px;padding:0 4px;vertical-align:middle;background-repeat:repeat;overflow:hidden;padding:0;cursor:pointer;box-sizing:content-box\"><svg style=\"display:block;border-radius:999px;\" version=\"1.1\" viewBox=\"-10 -10 148 148\" width=\"100%\" height=\"100%\" xml:space=\"preserve\" xmlns=\"http:\/\/www.w3.org\/2000\/svg\" xmlns:xlink=\"http:\/\/www.w3.org\/1999\/xlink\"><g><g><path d=\"M86,112H42c-14.336,0-26-11.663-26-26V42c0-14.337,11.664-26,26-26h44c14.337,0,26,11.663,26,26v44 C112,100.337,100.337,112,86,112z M42,24c-9.925,0-18,8.074-18,18v44c0,9.925,8.075,18,18,18h44c9.926,0,18-8.075,18-18V42 c0-9.926-8.074-18-18-18H42z\" fill=\"#000\"><\/path><\/g><g><path d=\"M64,88c-13.234,0-24-10.767-24-24c0-13.234,10.766-24,24-24s24,10.766,24,24C88,77.233,77.234,88,64,88z M64,48c-8.822,0-16,7.178-16,16s7.178,16,16,16c8.822,0,16-7.178,16-16S72.822,48,64,48z\" fill=\"#000\"><\/path><\/g><g><circle cx=\"89.5\" cy=\"38.5\" fill=\"#000\" r=\"5.5\"><\/circle><\/g><\/g><\/svg><\/span><\/a><a aria-label=\"Bluesky\" class=\"heateor_sss_button_bluesky\" href=\"https:\/\/bsky.app\/intent\/compose?text=Visions%20d%E2%80%99un%20Manitoba%20v%C3%A9ritablement%20bilingue%20https%3A%2F%2Frdo-olr.org%2Ffr%2Fvisions-dun-manitoba-veritablement-bilingue%2F\" title=\"Bluesky\" rel=\"nofollow noopener\" target=\"_blank\" style=\"font-size:32px!important;box-shadow:none;display:inline-block;vertical-align:middle\"><span class=\"heateor_sss_svg heateor_sss_s__default heateor_sss_s_bluesky\" style=\"background-color:#0085ff;width:25px;height:25px;border-radius:999px;display:inline-block;opacity:1;float:left;font-size:32px;box-shadow:none;display:inline-block;font-size:16px;padding:0 4px;vertical-align:middle;background-repeat:repeat;overflow:hidden;padding:0;cursor:pointer;box-sizing:content-box\"><svg width=\"100%\" height=\"100%\" style=\"display:block;border-radius:999px;\" focusable=\"false\" aria-hidden=\"true\" viewBox=\"-3 -3 38 38\" xmlns=\"http:\/\/www.w3.org\/2000\/svg\"><path d=\"M16 14.903c-.996-1.928-3.709-5.521-6.231-7.293C7.353 5.912 6.43 6.206 5.827 6.478 5.127 6.793 5 7.861 5 8.49s.346 5.155.572 5.91c.747 2.496 3.404 3.34 5.851 3.07.125-.02.252-.036.38-.052-.126.02-.253.037-.38.051-3.586.529-6.771 1.83-2.594 6.457 4.595 4.735 6.297-1.015 7.171-3.93.874 2.915 1.88 8.458 7.089 3.93 3.911-3.93 1.074-5.928-2.512-6.457a8.122 8.122 0 0 1-.38-.051c.128.016.255.033.38.051 2.447.271 5.104-.573 5.85-3.069.227-.755.573-5.281.573-5.91 0-.629-.127-1.697-.827-2.012-.604-.271-1.526-.566-3.942 1.132-2.522 1.772-5.235 5.365-6.231 7.293Z\" fill=\"#000\"\/><\/svg><\/span><\/a><\/div><div class=\"heateorSssClear\"><\/div><\/div><div class='heateorSssClear'><\/div>excerpt","protected":false},"author":934,"featured_media":33285,"comment_status":"open","ping_status":"open","sticky":false,"template":"","format":"standard","meta":{"_acf_changed":false,"inline_featured_image":false,"episode_type":"","audio_file":"","transcript_file":"","podmotor_file_id":"","podmotor_episode_id":"","cover_image":"","cover_image_id":"","duration":"","filesize":"","filesize_raw":"","date_recorded":"","explicit":"","block":"","iawp_total_views":1,"footnotes":""},"categories":[54,143],"tags":[155],"post-language":[1827],"publication-type":[1882],"volume":[1884],"issue":[305],"coauthors":[1906],"class_list":["post-33267","post","type-post","status-publish","format-standard","has-post-thumbnail","hentry","category-blog-post","category-language-rights","tag-blog","post-language-francais","publication-type-blog","volume-volume-57","issue-issue-2"],"acf":[],"a3_pvc":{"activated":false,"total_views":4,"today_views":4},"yoast_head":"<!-- This site is optimized with the Yoast SEO plugin v27.5 - https:\/\/yoast.com\/product\/yoast-seo-wordpress\/ -->\n<title>Visions d\u2019un Manitoba v\u00e9ritablement bilingue - Ottawa Law Review<\/title>\n<meta name=\"robots\" content=\"index, follow, max-snippet:-1, max-image-preview:large, max-video-preview:-1\" \/>\n<link rel=\"canonical\" href=\"https:\/\/rdo-olr.org\/fr\/visions-dun-manitoba-veritablement-bilingue\/\" \/>\n<meta property=\"og:locale\" content=\"fr_FR\" \/>\n<meta property=\"og:type\" content=\"article\" \/>\n<meta property=\"og:title\" content=\"Visions d\u2019un Manitoba v\u00e9ritablement bilingue - Ottawa Law Review\" \/>\n<meta property=\"og:description\" content=\"par Xavier Champagne* I. INTRODUCTION Plus de 150 ans plus tard, la vision de Louis Riel en 1870 pour un Manitoba v\u00e9ritablement bilingue pourrait bien \u00eatre ressuscit\u00e9e. Le 19 octobre 2023, dans la lettre de mandat adress\u00e9e au ministre responsable des affaires francophones Glenn Simard, le premier ministre Kinew a charg\u00e9 le ministre de \u00ab\u00a0[r]econna\u00eetre [&hellip;]\" \/>\n<meta property=\"og:url\" content=\"https:\/\/rdo-olr.org\/fr\/visions-dun-manitoba-veritablement-bilingue\/\" \/>\n<meta property=\"og:site_name\" content=\"Ottawa Law Review\" \/>\n<meta property=\"article:published_time\" content=\"2026-04-29T14:56:51+00:00\" \/>\n<meta name=\"author\" content=\"Xavier Champagne\" \/>\n<meta name=\"twitter:card\" content=\"summary_large_image\" \/>\n<meta name=\"twitter:label1\" content=\"\u00c9crit par\" \/>\n\t<meta name=\"twitter:data1\" content=\"Xavier Champagne\" \/>\n\t<meta name=\"twitter:label2\" content=\"Dur\u00e9e de lecture estim\u00e9e\" \/>\n\t<meta name=\"twitter:data2\" content=\"16 minutes\" \/>\n\t<meta name=\"twitter:label3\" content=\"Written by\" \/>\n\t<meta name=\"twitter:data3\" content=\"Xavier Champagne\" \/>\n<script type=\"application\/ld+json\" class=\"yoast-schema-graph\">{\"@context\":\"https:\\\/\\\/schema.org\",\"@graph\":[{\"@type\":\"Article\",\"@id\":\"https:\\\/\\\/rdo-olr.org\\\/fr\\\/visions-dun-manitoba-veritablement-bilingue\\\/#article\",\"isPartOf\":{\"@id\":\"https:\\\/\\\/rdo-olr.org\\\/fr\\\/visions-dun-manitoba-veritablement-bilingue\\\/\"},\"author\":{\"name\":\"Xavier Champagne\",\"@id\":\"https:\\\/\\\/rdo-olr.org\\\/fr\\\/#\\\/schema\\\/person\\\/18781879c342ed491f938f0386bdb799\"},\"headline\":\"Visions d\u2019un Manitoba v\u00e9ritablement bilingue\",\"datePublished\":\"2026-04-29T14:56:51+00:00\",\"mainEntityOfPage\":{\"@id\":\"https:\\\/\\\/rdo-olr.org\\\/fr\\\/visions-dun-manitoba-veritablement-bilingue\\\/\"},\"wordCount\":3773,\"commentCount\":0,\"image\":{\"@id\":\"https:\\\/\\\/rdo-olr.org\\\/fr\\\/visions-dun-manitoba-veritablement-bilingue\\\/#primaryimage\"},\"thumbnailUrl\":\"https:\\\/\\\/rdo-olr.org\\\/wp-content\\\/uploads\\\/2026\\\/04\\\/Y7UEAG5Q42UUOYEVCPXJOUSTE4.jpg.avif\",\"keywords\":[\"Blog\"],\"articleSection\":[\"Blog Post \\\/ Blogue\",\"Language Rights \\\/ Droits linguistiques\"],\"inLanguage\":\"fr-FR\",\"potentialAction\":[{\"@type\":\"CommentAction\",\"name\":\"Comment\",\"target\":[\"https:\\\/\\\/rdo-olr.org\\\/fr\\\/visions-dun-manitoba-veritablement-bilingue\\\/#respond\"]}]},{\"@type\":\"WebPage\",\"@id\":\"https:\\\/\\\/rdo-olr.org\\\/fr\\\/visions-dun-manitoba-veritablement-bilingue\\\/\",\"url\":\"https:\\\/\\\/rdo-olr.org\\\/fr\\\/visions-dun-manitoba-veritablement-bilingue\\\/\",\"name\":\"Visions d\u2019un Manitoba v\u00e9ritablement bilingue - Ottawa Law Review\",\"isPartOf\":{\"@id\":\"https:\\\/\\\/rdo-olr.org\\\/fr\\\/#website\"},\"primaryImageOfPage\":{\"@id\":\"https:\\\/\\\/rdo-olr.org\\\/fr\\\/visions-dun-manitoba-veritablement-bilingue\\\/#primaryimage\"},\"image\":{\"@id\":\"https:\\\/\\\/rdo-olr.org\\\/fr\\\/visions-dun-manitoba-veritablement-bilingue\\\/#primaryimage\"},\"thumbnailUrl\":\"https:\\\/\\\/rdo-olr.org\\\/wp-content\\\/uploads\\\/2026\\\/04\\\/Y7UEAG5Q42UUOYEVCPXJOUSTE4.jpg.avif\",\"datePublished\":\"2026-04-29T14:56:51+00:00\",\"author\":{\"@id\":\"https:\\\/\\\/rdo-olr.org\\\/fr\\\/#\\\/schema\\\/person\\\/18781879c342ed491f938f0386bdb799\"},\"breadcrumb\":{\"@id\":\"https:\\\/\\\/rdo-olr.org\\\/fr\\\/visions-dun-manitoba-veritablement-bilingue\\\/#breadcrumb\"},\"inLanguage\":\"fr-FR\",\"potentialAction\":[{\"@type\":\"ReadAction\",\"target\":[\"https:\\\/\\\/rdo-olr.org\\\/fr\\\/visions-dun-manitoba-veritablement-bilingue\\\/\"]}]},{\"@type\":\"ImageObject\",\"inLanguage\":\"fr-FR\",\"@id\":\"https:\\\/\\\/rdo-olr.org\\\/fr\\\/visions-dun-manitoba-veritablement-bilingue\\\/#primaryimage\",\"url\":\"https:\\\/\\\/rdo-olr.org\\\/wp-content\\\/uploads\\\/2026\\\/04\\\/Y7UEAG5Q42UUOYEVCPXJOUSTE4.jpg.avif\",\"contentUrl\":\"https:\\\/\\\/rdo-olr.org\\\/wp-content\\\/uploads\\\/2026\\\/04\\\/Y7UEAG5Q42UUOYEVCPXJOUSTE4.jpg.avif\",\"width\":1400,\"height\":787},{\"@type\":\"BreadcrumbList\",\"@id\":\"https:\\\/\\\/rdo-olr.org\\\/fr\\\/visions-dun-manitoba-veritablement-bilingue\\\/#breadcrumb\",\"itemListElement\":[{\"@type\":\"ListItem\",\"position\":1,\"name\":\"Home\",\"item\":\"https:\\\/\\\/rdo-olr.org\\\/fr\\\/\"},{\"@type\":\"ListItem\",\"position\":2,\"name\":\"Visions d\u2019un Manitoba v\u00e9ritablement bilingue\"}]},{\"@type\":\"WebSite\",\"@id\":\"https:\\\/\\\/rdo-olr.org\\\/fr\\\/#website\",\"url\":\"https:\\\/\\\/rdo-olr.org\\\/fr\\\/\",\"name\":\"Ottawa Law Review\",\"description\":\"Revue De Droit D&#039;ottawa \\\/ Ottawa Law Review\",\"potentialAction\":[{\"@type\":\"SearchAction\",\"target\":{\"@type\":\"EntryPoint\",\"urlTemplate\":\"https:\\\/\\\/rdo-olr.org\\\/fr\\\/?s={search_term_string}\"},\"query-input\":{\"@type\":\"PropertyValueSpecification\",\"valueRequired\":true,\"valueName\":\"search_term_string\"}}],\"inLanguage\":\"fr-FR\"},{\"@type\":\"Person\",\"@id\":\"https:\\\/\\\/rdo-olr.org\\\/fr\\\/#\\\/schema\\\/person\\\/18781879c342ed491f938f0386bdb799\",\"name\":\"Xavier Champagne\",\"image\":{\"@type\":\"ImageObject\",\"inLanguage\":\"fr-FR\",\"@id\":\"https:\\\/\\\/secure.gravatar.com\\\/avatar\\\/fc1a4529b7e2474b51a331e5d47ff02c712c51805aa761a5795d534aa9e57e2c?s=96&d=mm&r=g1b8d3821f012bdaa16a33eb6d7cd99d8\",\"url\":\"https:\\\/\\\/secure.gravatar.com\\\/avatar\\\/fc1a4529b7e2474b51a331e5d47ff02c712c51805aa761a5795d534aa9e57e2c?s=96&d=mm&r=g\",\"contentUrl\":\"https:\\\/\\\/secure.gravatar.com\\\/avatar\\\/fc1a4529b7e2474b51a331e5d47ff02c712c51805aa761a5795d534aa9e57e2c?s=96&d=mm&r=g\",\"caption\":\"Xavier Champagne\"},\"url\":\"https:\\\/\\\/rdo-olr.org\\\/fr\\\/author\\\/xavier\\\/\"}]}<\/script>\n<!-- \/ Yoast SEO plugin. -->","yoast_head_json":{"title":"Visions d\u2019un Manitoba v\u00e9ritablement bilingue - Ottawa Law Review","robots":{"index":"index","follow":"follow","max-snippet":"max-snippet:-1","max-image-preview":"max-image-preview:large","max-video-preview":"max-video-preview:-1"},"canonical":"https:\/\/rdo-olr.org\/fr\/visions-dun-manitoba-veritablement-bilingue\/","og_locale":"fr_FR","og_type":"article","og_title":"Visions d\u2019un Manitoba v\u00e9ritablement bilingue - Ottawa Law Review","og_description":"par Xavier Champagne* I. INTRODUCTION Plus de 150 ans plus tard, la vision de Louis Riel en 1870 pour un Manitoba v\u00e9ritablement bilingue pourrait bien \u00eatre ressuscit\u00e9e. Le 19 octobre 2023, dans la lettre de mandat adress\u00e9e au ministre responsable des affaires francophones Glenn Simard, le premier ministre Kinew a charg\u00e9 le ministre de \u00ab\u00a0[r]econna\u00eetre [&hellip;]","og_url":"https:\/\/rdo-olr.org\/fr\/visions-dun-manitoba-veritablement-bilingue\/","og_site_name":"Ottawa Law Review","article_published_time":"2026-04-29T14:56:51+00:00","author":"Xavier Champagne","twitter_card":"summary_large_image","twitter_misc":{"\u00c9crit par":"Xavier Champagne","Dur\u00e9e de lecture estim\u00e9e":"16 minutes","Written by":"Xavier Champagne"},"schema":{"@context":"https:\/\/schema.org","@graph":[{"@type":"Article","@id":"https:\/\/rdo-olr.org\/fr\/visions-dun-manitoba-veritablement-bilingue\/#article","isPartOf":{"@id":"https:\/\/rdo-olr.org\/fr\/visions-dun-manitoba-veritablement-bilingue\/"},"author":{"name":"Xavier Champagne","@id":"https:\/\/rdo-olr.org\/fr\/#\/schema\/person\/18781879c342ed491f938f0386bdb799"},"headline":"Visions d\u2019un Manitoba v\u00e9ritablement bilingue","datePublished":"2026-04-29T14:56:51+00:00","mainEntityOfPage":{"@id":"https:\/\/rdo-olr.org\/fr\/visions-dun-manitoba-veritablement-bilingue\/"},"wordCount":3773,"commentCount":0,"image":{"@id":"https:\/\/rdo-olr.org\/fr\/visions-dun-manitoba-veritablement-bilingue\/#primaryimage"},"thumbnailUrl":"https:\/\/rdo-olr.org\/wp-content\/uploads\/2026\/04\/Y7UEAG5Q42UUOYEVCPXJOUSTE4.jpg.avif","keywords":["Blog"],"articleSection":["Blog Post \/ Blogue","Language Rights \/ Droits linguistiques"],"inLanguage":"fr-FR","potentialAction":[{"@type":"CommentAction","name":"Comment","target":["https:\/\/rdo-olr.org\/fr\/visions-dun-manitoba-veritablement-bilingue\/#respond"]}]},{"@type":"WebPage","@id":"https:\/\/rdo-olr.org\/fr\/visions-dun-manitoba-veritablement-bilingue\/","url":"https:\/\/rdo-olr.org\/fr\/visions-dun-manitoba-veritablement-bilingue\/","name":"Visions d\u2019un Manitoba v\u00e9ritablement bilingue - Ottawa Law Review","isPartOf":{"@id":"https:\/\/rdo-olr.org\/fr\/#website"},"primaryImageOfPage":{"@id":"https:\/\/rdo-olr.org\/fr\/visions-dun-manitoba-veritablement-bilingue\/#primaryimage"},"image":{"@id":"https:\/\/rdo-olr.org\/fr\/visions-dun-manitoba-veritablement-bilingue\/#primaryimage"},"thumbnailUrl":"https:\/\/rdo-olr.org\/wp-content\/uploads\/2026\/04\/Y7UEAG5Q42UUOYEVCPXJOUSTE4.jpg.avif","datePublished":"2026-04-29T14:56:51+00:00","author":{"@id":"https:\/\/rdo-olr.org\/fr\/#\/schema\/person\/18781879c342ed491f938f0386bdb799"},"breadcrumb":{"@id":"https:\/\/rdo-olr.org\/fr\/visions-dun-manitoba-veritablement-bilingue\/#breadcrumb"},"inLanguage":"fr-FR","potentialAction":[{"@type":"ReadAction","target":["https:\/\/rdo-olr.org\/fr\/visions-dun-manitoba-veritablement-bilingue\/"]}]},{"@type":"ImageObject","inLanguage":"fr-FR","@id":"https:\/\/rdo-olr.org\/fr\/visions-dun-manitoba-veritablement-bilingue\/#primaryimage","url":"https:\/\/rdo-olr.org\/wp-content\/uploads\/2026\/04\/Y7UEAG5Q42UUOYEVCPXJOUSTE4.jpg.avif","contentUrl":"https:\/\/rdo-olr.org\/wp-content\/uploads\/2026\/04\/Y7UEAG5Q42UUOYEVCPXJOUSTE4.jpg.avif","width":1400,"height":787},{"@type":"BreadcrumbList","@id":"https:\/\/rdo-olr.org\/fr\/visions-dun-manitoba-veritablement-bilingue\/#breadcrumb","itemListElement":[{"@type":"ListItem","position":1,"name":"Home","item":"https:\/\/rdo-olr.org\/fr\/"},{"@type":"ListItem","position":2,"name":"Visions d\u2019un Manitoba v\u00e9ritablement bilingue"}]},{"@type":"WebSite","@id":"https:\/\/rdo-olr.org\/fr\/#website","url":"https:\/\/rdo-olr.org\/fr\/","name":"Ottawa Law Review","description":"Revue De Droit D&#039;ottawa \/ Ottawa Law Review","potentialAction":[{"@type":"SearchAction","target":{"@type":"EntryPoint","urlTemplate":"https:\/\/rdo-olr.org\/fr\/?s={search_term_string}"},"query-input":{"@type":"PropertyValueSpecification","valueRequired":true,"valueName":"search_term_string"}}],"inLanguage":"fr-FR"},{"@type":"Person","@id":"https:\/\/rdo-olr.org\/fr\/#\/schema\/person\/18781879c342ed491f938f0386bdb799","name":"Xavier Champagne","image":{"@type":"ImageObject","inLanguage":"fr-FR","@id":"https:\/\/secure.gravatar.com\/avatar\/fc1a4529b7e2474b51a331e5d47ff02c712c51805aa761a5795d534aa9e57e2c?s=96&d=mm&r=g1b8d3821f012bdaa16a33eb6d7cd99d8","url":"https:\/\/secure.gravatar.com\/avatar\/fc1a4529b7e2474b51a331e5d47ff02c712c51805aa761a5795d534aa9e57e2c?s=96&d=mm&r=g","contentUrl":"https:\/\/secure.gravatar.com\/avatar\/fc1a4529b7e2474b51a331e5d47ff02c712c51805aa761a5795d534aa9e57e2c?s=96&d=mm&r=g","caption":"Xavier Champagne"},"url":"https:\/\/rdo-olr.org\/fr\/author\/xavier\/"}]}},"_links":{"self":[{"href":"https:\/\/rdo-olr.org\/fr\/wp-json\/wp\/v2\/posts\/33267","targetHints":{"allow":["GET"]}}],"collection":[{"href":"https:\/\/rdo-olr.org\/fr\/wp-json\/wp\/v2\/posts"}],"about":[{"href":"https:\/\/rdo-olr.org\/fr\/wp-json\/wp\/v2\/types\/post"}],"author":[{"embeddable":true,"href":"https:\/\/rdo-olr.org\/fr\/wp-json\/wp\/v2\/users\/934"}],"replies":[{"embeddable":true,"href":"https:\/\/rdo-olr.org\/fr\/wp-json\/wp\/v2\/comments?post=33267"}],"version-history":[{"count":9,"href":"https:\/\/rdo-olr.org\/fr\/wp-json\/wp\/v2\/posts\/33267\/revisions"}],"predecessor-version":[{"id":33271,"href":"https:\/\/rdo-olr.org\/fr\/wp-json\/wp\/v2\/posts\/33267\/revisions\/33271"}],"wp:featuredmedia":[{"embeddable":true,"href":"https:\/\/rdo-olr.org\/fr\/wp-json\/wp\/v2\/media\/33285"}],"wp:attachment":[{"href":"https:\/\/rdo-olr.org\/fr\/wp-json\/wp\/v2\/media?parent=33267"}],"wp:term":[{"taxonomy":"category","embeddable":true,"href":"https:\/\/rdo-olr.org\/fr\/wp-json\/wp\/v2\/categories?post=33267"},{"taxonomy":"post_tag","embeddable":true,"href":"https:\/\/rdo-olr.org\/fr\/wp-json\/wp\/v2\/tags?post=33267"},{"taxonomy":"post-language","embeddable":true,"href":"https:\/\/rdo-olr.org\/fr\/wp-json\/wp\/v2\/post-language?post=33267"},{"taxonomy":"publication-type","embeddable":true,"href":"https:\/\/rdo-olr.org\/fr\/wp-json\/wp\/v2\/publication-type?post=33267"},{"taxonomy":"volume","embeddable":true,"href":"https:\/\/rdo-olr.org\/fr\/wp-json\/wp\/v2\/volume?post=33267"},{"taxonomy":"issue","embeddable":true,"href":"https:\/\/rdo-olr.org\/fr\/wp-json\/wp\/v2\/issue?post=33267"},{"taxonomy":"author","embeddable":true,"href":"https:\/\/rdo-olr.org\/fr\/wp-json\/wp\/v2\/coauthors?post=33267"}],"curies":[{"name":"wp","href":"https:\/\/api.w.org\/{rel}","templated":true}]}}